{"id":127964,"date":"2019-10-19T06:56:56","date_gmt":"2019-10-19T09:56:56","guid":{"rendered":"http:\/\/www.caririemacao.com\/1\/?p=127964"},"modified":"2019-10-19T06:56:56","modified_gmt":"2019-10-19T09:56:56","slug":"corpo-de-bombeiros-atua-contra-incendio-que-atingiu-zona-rural-de-monteiro-no-cariri","status":"publish","type":"post","link":"https:\/\/www.caririemacao.com\/1\/2019\/10\/19\/corpo-de-bombeiros-atua-contra-incendio-que-atingiu-zona-rural-de-monteiro-no-cariri\/","title":{"rendered":"Corpo de Bombeiros atua contra inc\u00eandio que atingiu zona rural de Monteiro, no Cariri"},"content":{"rendered":"\n<p>Fogo come\u00e7ou no in\u00edcio da tarde desta sexta-feira (18) e ainda n\u00e3o foi controlado; ningu\u00e9m ficou ferido.<\/p>\n\n\n\n<p>Um inc\u00eandio atingiu a zona rural de Monteiro, no Cariri da Para\u00edba, nesta sexta-feira (18). De acordo com o Tenente Rog\u00e9rio, do Corpo de Bombeiros, uma equipe de militares est\u00e1 no local tentando controlar o fogo com o apoio de um caminh\u00e3o-pipa da prefeitura.<\/p>\n\n\n\n<p>Ainda de acordo com o Corpo de Bombeiros, o inc\u00eandio come\u00e7ou em uma \u00e1rea de vegeta\u00e7\u00e3o. Embora as chamas tenham come\u00e7ado no in\u00edcio da tarde, o batalh\u00e3o s\u00f3 foi acionado por volta das 15h40 e s\u00f3 conseguiu chegar ao local por volta das 18h30, por causa da dist\u00e2ncia.<\/p>\n\n\n\n<p>O combate ao fogo j\u00e1 dura mais de duas horas, mas os bombeiros descartam a possibilidade de que o inc\u00eandio atinja grandes propor\u00e7\u00f5es. Segundo o Tenente, n\u00e3o h\u00e1 registros de nenhum ferido.<\/p>\n\n\n\n<p>As causas do inc\u00eandio tamb\u00e9m ainda n\u00e3o foram identificadas. Mas os bombeiros acreditam que o tempo quente e seco favoreceu o in\u00edcio das chamas e a expans\u00e3o delas. \u201cTudo indica que seja natural por causa do calor. O mato seco tamb\u00e9m ajuda muito a espalhar o fogo\u201d, pontuou Rog\u00e9rio<\/p>\n","protected":false},"excerpt":{"rendered":"<p>Fogo come\u00e7ou no in\u00edcio da tarde desta sexta-feira (18) e ainda n\u00e3o foi controlado; ningu\u00e9m ficou ferido. Um inc\u00eandio atingiu a zona rural de Monteiro,&hellip; <\/p>\n","protected":false},"author":1,"featured_media":127965,"comment_status":"closed","ping_status":"closed","sticky":false,"template":"","format":"standard","meta":{"sfsi_plus_gutenberg_text_before_share":"","sfsi_plus_gutenberg_show_text_before_share":"","sfsi_plus_gutenberg_icon_type":"","sfsi_plus_gutenberg_icon_alignemt":"","sfsi_plus_gutenburg_max_per_row":"","footnotes":""},"categories":[2],"tags":[],"class_list":["post-127964","post","type-post","status-publish","format-standard","has-post-thumbnail","hentry","category-geral"],"_links":{"self":[{"href":"https:\/\/www.caririemacao.com\/1\/wp-json\/wp\/v2\/posts\/127964","targetHints":{"allow":["GET"]}}],"collection":[{"href":"https:\/\/www.caririemacao.com\/1\/wp-json\/wp\/v2\/posts"}],"about":[{"href":"https:\/\/www.caririemacao.com\/1\/wp-json\/wp\/v2\/types\/post"}],"author":[{"embeddable":true,"href":"https:\/\/www.caririemacao.com\/1\/wp-json\/wp\/v2\/users\/1"}],"replies":[{"embeddable":true,"href":"https:\/\/www.caririemacao.com\/1\/wp-json\/wp\/v2\/comments?post=127964"}],"version-history":[{"count":1,"href":"https:\/\/www.caririemacao.com\/1\/wp-json\/wp\/v2\/posts\/127964\/revisions"}],"predecessor-version":[{"id":127978,"href":"https:\/\/www.caririemacao.com\/1\/wp-json\/wp\/v2\/posts\/127964\/revisions\/127978"}],"wp:featuredmedia":[{"embeddable":true,"href":"https:\/\/www.caririemacao.com\/1\/wp-json\/wp\/v2\/media\/127965"}],"wp:attachment":[{"href":"https:\/\/www.caririemacao.com\/1\/wp-json\/wp\/v2\/media?parent=127964"}],"wp:term":[{"taxonomy":"category","embeddable":true,"href":"https:\/\/www.caririemacao.com\/1\/wp-json\/wp\/v2\/categories?post=127964"},{"taxonomy":"post_tag","embeddable":true,"href":"https:\/\/www.caririemacao.com\/1\/wp-json\/wp\/v2\/tags?post=127964"}],"curies":[{"name":"wp","href":"https:\/\/api.w.org\/{rel}","templated":true}]}}