{"id":128000,"date":"2019-10-19T07:30:16","date_gmt":"2019-10-19T10:30:16","guid":{"rendered":"http:\/\/www.caririemacao.com\/1\/?p=128000"},"modified":"2019-10-19T07:30:16","modified_gmt":"2019-10-19T10:30:16","slug":"sem-horario-de-verao-google-pede-a-usuarios-que-tirem-atualizacao-automatica-do-relogio-no-android","status":"publish","type":"post","link":"https:\/\/www.caririemacao.com\/1\/2019\/10\/19\/sem-horario-de-verao-google-pede-a-usuarios-que-tirem-atualizacao-automatica-do-relogio-no-android\/","title":{"rendered":"Sem hor\u00e1rio de ver\u00e3o, Google pede a usu\u00e1rios que tirem atualiza\u00e7\u00e3o autom\u00e1tica do rel\u00f3gio no Android"},"content":{"rendered":"\n<p>O Google publicou um an\u00fancio oficial em seu blog,nesta sexta-feira (18), recomendando que usu\u00e1rios de Android no Brasil alterem as configura\u00e7\u00f5es autom\u00e1ticas de data e hora.<br><\/p>\n\n\n\n<p>Segundo a empresa, isso deve ser feito para n\u00e3o correr o risco de se perder na hora no domingo, caso os telefones atualizem para o hor\u00e1rio de ver\u00e3o, que n\u00e3o est\u00e1 mais em vigor no pa\u00eds.<\/p>\n\n\n\n<p>O hor\u00e1rio de ver\u00e3o do brasileiro deveria acontecer entre este s\u00e1bado (19) e domingo (20), com os rel\u00f3gios sendo adiantados em 1 hora, mas foi revogado pelo presidente Jair Bolsonaro, em um decreto assinado em abril.<\/p>\n\n\n\n<p>Para fazer a altera\u00e7\u00e3o siga estes passos:<\/p>\n\n\n\n<p>Essas configura\u00e7\u00f5es podem ser mantidas at\u00e9 o dia 16 de fevereiro, quando o hor\u00e1rio de ver\u00e3o chegaria ao fim, se ainda estivesse em vigor.<\/p>\n\n\n\n<p>&#8220;Na pr\u00e1tica, isso significa que alguns celulares possivelmente n\u00e3o tenham a informa\u00e7\u00e3o necess\u00e1ria para evitar que o rel\u00f3gio dos aparelhos seja alterado automaticamente&#8221;, afirmou a empresa.<\/p>\n\n\n\n<p>Segundo o Google, a mudan\u00e7a no hor\u00e1rio de ver\u00e3o brasileiro impacta o banco de dados da Autoridade para Atribui\u00e7\u00e3o de N\u00fameros de Internet (IANA), respons\u00e1vel por passar as informa\u00e7\u00f5es para os smartphones.<\/p>\n\n\n\n<p>Alguns aparelhos podem n\u00e3o ser impactados neste final de semana, mas no dia 3 de novembro, por causa de mudan\u00e7as que aconteceram no ano passado, durante as elei\u00e7\u00f5es. De acordo com o Google, valem as mesmas recomenda\u00e7\u00f5es.<\/p>\n\n\n\n<p>Os aparelhos que n\u00e3o fizerem mudan\u00e7as no hor\u00e1rio, segundo o Google, j\u00e1 foram atualizados pelos fabricantes, ou ent\u00e3o est\u00e3o seguindo regras enviadas pelas redes das operadoras de telefonia.<\/p>\n\n\n\n<p>O objetivo por tr\u00e1s da origem do hor\u00e1rio de ver\u00e3o \u00e9 aproveitar os dias mais longos para obter um melhor aproveitamento da ilumina\u00e7\u00e3o natural, poupando recursos da matriz energ\u00e9tica e reduzindo os riscos de apag\u00f5es, principalmente no hor\u00e1rio entre 18h e 21h, quando as l\u00e2mpadas dos espa\u00e7os p\u00fablicos s\u00e3o ligadas, boa parte da popula\u00e7\u00e3o chega em casa e parte do com\u00e9rcio, escrit\u00f3rios e ind\u00fastria continua ativa.<\/p>\n\n\n\n<p>Mas, nos \u00faltimos anos, mudou o padr\u00e3o de consumo do pa\u00eds. L\u00e2mpadas incandescentes foram substitu\u00eddas por l\u00e2mpadas mais eficientes e o hor\u00e1rio de pico de energia se deslocou do in\u00edcio da noite para o meio da tarde, por volta das 15h, devido ao aumento expressivo do uso de ar-condicionado.<\/p>\n\n\n\n<p>Estudo do Minist\u00e9rio de Minas e Energia divulgado no ano passado j\u00e1 apontava para a perda de efetividade do hor\u00e1rio de ver\u00e3o. Segundo a nota t\u00e9cnica, a ado\u00e7\u00e3o de outros instrumentos regulat\u00f3rios, como a tarifa branca e pre\u00e7o por hor\u00e1rio, podem produzir resultados mais relevantes para o setor el\u00e9trico.<\/p>\n\n\n\n<p>De acordo com o porta-voz da Presid\u00eancia da Rep\u00fablica, Ot\u00e1vio R\u00eago Barros, o governo fez uma pesquisa que mostrou que 53% dos entrevistados pediram o fim do hor\u00e1rio de ver\u00e3o. N\u00e3o foram divulgados, entretanto, detalhes da pesquisa.<\/p>\n\n\n\n<p>No Brasil, o hor\u00e1rio de ver\u00e3o foi institu\u00eddo pela primeira vez no ver\u00e3o de 1931\/1932, pelo ent\u00e3o Presidente Get\u00falio Vargas. Sua vers\u00e3o de estreia durou quase seis meses, vigorando de 3 de outubro de 1931 a 31 de mar\u00e7o de 1932.<\/p>\n\n\n\n<p>No ver\u00e3o seguinte, a medida foi novamente adotada, mas, depois, come\u00e7ou a ser em per\u00edodos n\u00e3o consecutivos. Primeiro, entre 1949 e 1953, depois, de 1963 a 1968, voltando em 1985 at\u00e9 abril de 2019, quando foi revogado por decreto.<\/p>\n\n\n\n<p>O hor\u00e1rio de ver\u00e3o \u00e9 adotado em pa\u00edses como Canad\u00e1, Austr\u00e1lia, Groenl\u00e2ndia, M\u00e9xico, Nova Zel\u00e2ndia, Chile, Paraguai e Uruguai. R\u00fassia, China e Jap\u00e3o, por exemplo, n\u00e3o implementam esta medida.<\/p>\n","protected":false},"excerpt":{"rendered":"<p>O Google publicou um an\u00fancio oficial em seu blog,nesta sexta-feira (18), recomendando que usu\u00e1rios de Android no Brasil alterem as configura\u00e7\u00f5es autom\u00e1ticas de data e&hellip; <\/p>\n","protected":false},"author":1,"featured_media":55321,"comment_status":"closed","ping_status":"closed","sticky":false,"template":"","format":"standard","meta":{"sfsi_plus_gutenberg_text_before_share":"","sfsi_plus_gutenberg_show_text_before_share":"","sfsi_plus_gutenberg_icon_type":"","sfsi_plus_gutenberg_icon_alignemt":"","sfsi_plus_gutenburg_max_per_row":"","footnotes":""},"categories":[2],"tags":[],"class_list":["post-128000","post","type-post","status-publish","format-standard","has-post-thumbnail","hentry","category-geral"],"_links":{"self":[{"href":"https:\/\/www.caririemacao.com\/1\/wp-json\/wp\/v2\/posts\/128000","targetHints":{"allow":["GET"]}}],"collection":[{"href":"https:\/\/www.caririemacao.com\/1\/wp-json\/wp\/v2\/posts"}],"about":[{"href":"https:\/\/www.caririemacao.com\/1\/wp-json\/wp\/v2\/types\/post"}],"author":[{"embeddable":true,"href":"https:\/\/www.caririemacao.com\/1\/wp-json\/wp\/v2\/users\/1"}],"replies":[{"embeddable":true,"href":"https:\/\/www.caririemacao.com\/1\/wp-json\/wp\/v2\/comments?post=128000"}],"version-history":[{"count":1,"href":"https:\/\/www.caririemacao.com\/1\/wp-json\/wp\/v2\/posts\/128000\/revisions"}],"predecessor-version":[{"id":128002,"href":"https:\/\/www.caririemacao.com\/1\/wp-json\/wp\/v2\/posts\/128000\/revisions\/128002"}],"wp:featuredmedia":[{"embeddable":true,"href":"https:\/\/www.caririemacao.com\/1\/wp-json\/wp\/v2\/media\/55321"}],"wp:attachment":[{"href":"https:\/\/www.caririemacao.com\/1\/wp-json\/wp\/v2\/media?parent=128000"}],"wp:term":[{"taxonomy":"category","embeddable":true,"href":"https:\/\/www.caririemacao.com\/1\/wp-json\/wp\/v2\/categories?post=128000"},{"taxonomy":"post_tag","embeddable":true,"href":"https:\/\/www.caririemacao.com\/1\/wp-json\/wp\/v2\/tags?post=128000"}],"curies":[{"name":"wp","href":"https:\/\/api.w.org\/{rel}","templated":true}]}}