{"id":128028,"date":"2019-10-19T08:17:38","date_gmt":"2019-10-19T11:17:38","guid":{"rendered":"http:\/\/www.caririemacao.com\/1\/?p=128028"},"modified":"2019-10-19T08:17:38","modified_gmt":"2019-10-19T11:17:38","slug":"banhistas-devem-evitar-duas-praias-do-litoral-paraibano-neste-final-de-semana","status":"publish","type":"post","link":"https:\/\/www.caririemacao.com\/1\/2019\/10\/19\/banhistas-devem-evitar-duas-praias-do-litoral-paraibano-neste-final-de-semana\/","title":{"rendered":"Banhistas devem evitar duas praias do litoral paraibano neste final de semana"},"content":{"rendered":"\n<p>Os banhistas devem evitar duas praias do litoral paraibano neste final de semana. A informa\u00e7\u00e3o \u00e9 de acordo com o&nbsp;relat\u00f3rio da&nbsp;Superintend\u00eancia de Administra\u00e7\u00e3o do Meio Ambiente (Sudema).&nbsp;<\/p>\n\n\n\n<p>Os trechos impr\u00f3prios est\u00e3o localizados em Jo\u00e3o Pessoa e Pitimbu.<\/p>\n\n\n\n<p>Em Jo\u00e3o Pessoa,&nbsp; a Praia de Mana\u00edra, em frente ao N\u00b0 315 da Av. Jo\u00e3o Maur\u00edcio e em&nbsp;Pitimbu, a Ponta dos coqueiros, em frente \u00e0 desembocadura da Lagoa<\/p>\n\n\n\n<p>Os outros pontos monitorados situados em Mataraca, Ba\u00eda da Trai\u00e7\u00e3o, Rio Tinto, Lucena, Cabedelo e Conde, tiveram a qualidade das \u00e1guas classificada como pr\u00f3pria.<\/p>\n","protected":false},"excerpt":{"rendered":"<p>Os banhistas devem evitar duas praias do litoral paraibano neste final de semana. A informa\u00e7\u00e3o \u00e9 de acordo com o&nbsp;relat\u00f3rio da&nbsp;Superintend\u00eancia de Administra\u00e7\u00e3o do Meio&hellip; <\/p>\n","protected":false},"author":1,"featured_media":95550,"comment_status":"closed","ping_status":"closed","sticky":false,"template":"","format":"standard","meta":{"sfsi_plus_gutenberg_text_before_share":"","sfsi_plus_gutenberg_show_text_before_share":"","sfsi_plus_gutenberg_icon_type":"","sfsi_plus_gutenberg_icon_alignemt":"","sfsi_plus_gutenburg_max_per_row":"","footnotes":""},"categories":[2],"tags":[],"class_list":["post-128028","post","type-post","status-publish","format-standard","has-post-thumbnail","hentry","category-geral"],"_links":{"self":[{"href":"https:\/\/www.caririemacao.com\/1\/wp-json\/wp\/v2\/posts\/128028","targetHints":{"allow":["GET"]}}],"collection":[{"href":"https:\/\/www.caririemacao.com\/1\/wp-json\/wp\/v2\/posts"}],"about":[{"href":"https:\/\/www.caririemacao.com\/1\/wp-json\/wp\/v2\/types\/post"}],"author":[{"embeddable":true,"href":"https:\/\/www.caririemacao.com\/1\/wp-json\/wp\/v2\/users\/1"}],"replies":[{"embeddable":true,"href":"https:\/\/www.caririemacao.com\/1\/wp-json\/wp\/v2\/comments?post=128028"}],"version-history":[{"count":1,"href":"https:\/\/www.caririemacao.com\/1\/wp-json\/wp\/v2\/posts\/128028\/revisions"}],"predecessor-version":[{"id":128030,"href":"https:\/\/www.caririemacao.com\/1\/wp-json\/wp\/v2\/posts\/128028\/revisions\/128030"}],"wp:featuredmedia":[{"embeddable":true,"href":"https:\/\/www.caririemacao.com\/1\/wp-json\/wp\/v2\/media\/95550"}],"wp:attachment":[{"href":"https:\/\/www.caririemacao.com\/1\/wp-json\/wp\/v2\/media?parent=128028"}],"wp:term":[{"taxonomy":"category","embeddable":true,"href":"https:\/\/www.caririemacao.com\/1\/wp-json\/wp\/v2\/categories?post=128028"},{"taxonomy":"post_tag","embeddable":true,"href":"https:\/\/www.caririemacao.com\/1\/wp-json\/wp\/v2\/tags?post=128028"}],"curies":[{"name":"wp","href":"https:\/\/api.w.org\/{rel}","templated":true}]}}