{"id":128068,"date":"2019-10-19T12:22:29","date_gmt":"2019-10-19T15:22:29","guid":{"rendered":"http:\/\/www.caririemacao.com\/1\/?p=128068"},"modified":"2019-10-19T12:22:29","modified_gmt":"2019-10-19T15:22:29","slug":"sume-gera-mais-empregos-que-monteiro-de-acordo-com-dados-do-caged-veja-numeros","status":"publish","type":"post","link":"https:\/\/www.caririemacao.com\/1\/2019\/10\/19\/sume-gera-mais-empregos-que-monteiro-de-acordo-com-dados-do-caged-veja-numeros\/","title":{"rendered":"Sum\u00e9 gera mais empregos que Monteiro, de acordo com dados do CAGED; veja n\u00fameros"},"content":{"rendered":"\n<figure class=\"wp-block-image\"><img decoding=\"async\" data-src=\"http:\/\/www.blogdobrunolira.com.br\/wp-content\/uploads\/2019\/10\/trabalhador-com-carteira-assinada-nul0qcozt1wkbzb5g8wo2nktrh58kdb3evqb2bt37s-740x414.jpg\" alt=\"\" src=\"data:image\/svg+xml;base64,PHN2ZyB3aWR0aD0iMSIgaGVpZ2h0PSIxIiB4bWxucz0iaHR0cDovL3d3dy53My5vcmcvMjAwMC9zdmciPjwvc3ZnPg==\" class=\"lazyload\" style=\"--smush-placeholder-width: 740px; --smush-placeholder-aspect-ratio: 740\/414;\" \/><\/figure>\n\n\n\n<p>O Munic\u00edpio de Sum\u00e9 foi respons\u00e1vel por gerar mais empregos com carteira assinada em 2019, na regi\u00e3o do Cariri, de acordo com os n\u00fameros do Cadastro Geral de Empregados e Desempregados (CAGED).<\/p>\n\n\n\n<p>Sum\u00e9, com uma popula\u00e7\u00e3o de 17.908 habitantes, aumentou 55 novos empregos de janeiro a setembro do corrente ano.<\/p>\n\n\n\n<p>A maior cidade do Cariri, Monteiro, com 33.039 habitantes conseguiu crescer apenas 15 novas vagas de trabalho.<\/p>\n\n\n\n<p>A cidade de Serra Branca, com 13.637 habitantes n\u00e3o conseguiu crescer e teve uma baixa de tr\u00eas empregos.<\/p>\n\n\n\n<figure class=\"wp-block-image\"><img decoding=\"async\" data-src=\"http:\/\/www.blogdobrunolira.com.br\/wp-content\/uploads\/2019\/10\/WhatsApp-Image-2019-10-19-at-11.14.32.jpeg\" alt=\"\" class=\"wp-image-16443 lazyload\" src=\"data:image\/svg+xml;base64,PHN2ZyB3aWR0aD0iMSIgaGVpZ2h0PSIxIiB4bWxucz0iaHR0cDovL3d3dy53My5vcmcvMjAwMC9zdmciPjwvc3ZnPg==\" \/><\/figure>\n\n\n\n<p><strong>Blog do Bruno Lira<\/strong><\/p>\n","protected":false},"excerpt":{"rendered":"<p>O Munic\u00edpio de Sum\u00e9 foi respons\u00e1vel por gerar mais empregos com carteira assinada em 2019, na regi\u00e3o do Cariri, de acordo com os n\u00fameros do&hellip; <\/p>\n","protected":false},"author":1,"featured_media":111652,"comment_status":"closed","ping_status":"closed","sticky":false,"template":"","format":"standard","meta":{"sfsi_plus_gutenberg_text_before_share":"","sfsi_plus_gutenberg_show_text_before_share":"","sfsi_plus_gutenberg_icon_type":"","sfsi_plus_gutenberg_icon_alignemt":"","sfsi_plus_gutenburg_max_per_row":"","footnotes":""},"categories":[6,50],"tags":[],"class_list":["post-128068","post","type-post","status-publish","format-standard","has-post-thumbnail","hentry","category-cidades","category-destaque"],"_links":{"self":[{"href":"https:\/\/www.caririemacao.com\/1\/wp-json\/wp\/v2\/posts\/128068","targetHints":{"allow":["GET"]}}],"collection":[{"href":"https:\/\/www.caririemacao.com\/1\/wp-json\/wp\/v2\/posts"}],"about":[{"href":"https:\/\/www.caririemacao.com\/1\/wp-json\/wp\/v2\/types\/post"}],"author":[{"embeddable":true,"href":"https:\/\/www.caririemacao.com\/1\/wp-json\/wp\/v2\/users\/1"}],"replies":[{"embeddable":true,"href":"https:\/\/www.caririemacao.com\/1\/wp-json\/wp\/v2\/comments?post=128068"}],"version-history":[{"count":1,"href":"https:\/\/www.caririemacao.com\/1\/wp-json\/wp\/v2\/posts\/128068\/revisions"}],"predecessor-version":[{"id":128069,"href":"https:\/\/www.caririemacao.com\/1\/wp-json\/wp\/v2\/posts\/128068\/revisions\/128069"}],"wp:featuredmedia":[{"embeddable":true,"href":"https:\/\/www.caririemacao.com\/1\/wp-json\/wp\/v2\/media\/111652"}],"wp:attachment":[{"href":"https:\/\/www.caririemacao.com\/1\/wp-json\/wp\/v2\/media?parent=128068"}],"wp:term":[{"taxonomy":"category","embeddable":true,"href":"https:\/\/www.caririemacao.com\/1\/wp-json\/wp\/v2\/categories?post=128068"},{"taxonomy":"post_tag","embeddable":true,"href":"https:\/\/www.caririemacao.com\/1\/wp-json\/wp\/v2\/tags?post=128068"}],"curies":[{"name":"wp","href":"https:\/\/api.w.org\/{rel}","templated":true}]}}