{"id":128142,"date":"2019-10-19T14:49:27","date_gmt":"2019-10-19T17:49:27","guid":{"rendered":"http:\/\/www.caririemacao.com\/1\/?p=128142"},"modified":"2019-10-19T14:49:27","modified_gmt":"2019-10-19T17:49:27","slug":"justica-autoriza-viagem-de-ricardo-com-filho-menor-a-espanha","status":"publish","type":"post","link":"https:\/\/www.caririemacao.com\/1\/2019\/10\/19\/justica-autoriza-viagem-de-ricardo-com-filho-menor-a-espanha\/","title":{"rendered":"Justi\u00e7a autoriza viagem de Ricardo com filho menor \u00e0 Espanha"},"content":{"rendered":"\n<p>O juiz Adhailton Lacet, da Primeira Vara da Inf\u00e2ncia e da Juventude de Jo\u00e3o Pessoa, mediou um acordo entre o ex-governador Ricardo Coutinho (PSB) e a jornalista P\u00e2mela B\u00f3rio, ex-mulher dele, ao final do qual foi liberada a viagem de Ricardo \u00e0 Espanha na companhia do filho menor, Henri Lorenzo, fruto da uni\u00e3o com a ex-primeira-dama do Estado. A viagem do garoto havia sido sustada depois que a m\u00e3e acionou a Justi\u00e7a para impedi-la sob o argumento de que havia o risco dele n\u00e3o retornar com certa brevidade \u00e0 Para\u00edba. Segundo informa o site \u201cParlamentoPB\u201d, da jornalista Cl\u00e1udia Carvalho, ao retornar da viagem, Henri ficar\u00e1 mais tempo com a m\u00e3e do que o que seria estipulado pela guarda compartilhada.<\/p>\n\n\n\n<p>A viagem de Ricardo est\u00e1 marcada para o dia 22 de outubro, com retorno anunciado para 4 de novembro. Ele participar\u00e1, na Espanha, de um evento em que representar\u00e1 a Funda\u00e7\u00e3o Jo\u00e3o Mangabeira, \u00f3rg\u00e3o de estudos pol\u00edticos do PSB nacional, que Ricardo preside, promovendo discuss\u00f5es a respeito da conjuntura institucional brasileira, com enfoque nas cr\u00edticas ao governo do presidente Jair Bolsonaro que, segundo ele, tem sido um retrocesso para o Brasil. Na Espanha, Ricardo atuar\u00e1 na \u201cConfer\u00eancia sobre o Brasil\u201d. A agenda prev\u00ea, tamb\u00e9m, debate sobre o papel da Funda\u00e7\u00e3o Jo\u00e3o Mangabeira nas universidades espanholas das cidades de Salamanca, Zamora e reuni\u00f5es para futuro interc\u00e2mbio em Madrid com a Fundaci\u00f3n Sistema.<\/p>\n\n\n\n<p>O deputado estadual Cabo Gilberto, do PSL, em discurso feito esta semana na tribuna da Assembleia Legislativa, estranhou que o ex-governador pretenda ausentar-se da Para\u00edba exatamente na fase de turbul\u00eancia pol\u00edtica que o Estado vive, reflexo das investiga\u00e7\u00f5es do Gaeco e do Minist\u00e9rio P\u00fablico como parte da Opera\u00e7\u00e3o Calv\u00e1rio, sobre irregularidades em contratos com organiza\u00e7\u00f5es sociais para gest\u00e3o pactuada de hospitais e escolas, inclusive, com o pagamento de propinas a ex-auxiliares da administra\u00e7\u00e3o de Ricardo no governo.<\/p>\n\n\n\n<p>Gilberto chegou a pedir a reten\u00e7\u00e3o dos passaportes do ex-governador e mencionou preju\u00edzos causados \u00e0 popula\u00e7\u00e3o paraibana pelo que chamou de organiza\u00e7\u00e3o criminosa.&nbsp; Num primeiro momento, quando do veto do juiz \u00e0 presen\u00e7a de Henri&nbsp; ao lado do pai na viagem, a advogada Anna Carla Lopes Correia comentou ter ficado perplexa com a decis\u00e3o e anunciou que entraria com a\u00e7\u00e3o para garantir a viagem. Coutinho embarcar\u00e1 com sua atual mulher, Amanda Rodrigues, que foi secret\u00e1ria influente na sua gest\u00e3o, juntamente com dois filhos, enteados do l\u00edder socialista.<\/p>\n","protected":false},"excerpt":{"rendered":"<p>O juiz Adhailton Lacet, da Primeira Vara da Inf\u00e2ncia e da Juventude de Jo\u00e3o Pessoa, mediou um acordo entre o ex-governador Ricardo Coutinho (PSB) e&hellip; <\/p>\n","protected":false},"author":1,"featured_media":128144,"comment_status":"closed","ping_status":"closed","sticky":false,"template":"","format":"standard","meta":{"sfsi_plus_gutenberg_text_before_share":"","sfsi_plus_gutenberg_show_text_before_share":"","sfsi_plus_gutenberg_icon_type":"","sfsi_plus_gutenberg_icon_alignemt":"","sfsi_plus_gutenburg_max_per_row":"","footnotes":""},"categories":[2],"tags":[],"class_list":["post-128142","post","type-post","status-publish","format-standard","has-post-thumbnail","hentry","category-geral"],"_links":{"self":[{"href":"https:\/\/www.caririemacao.com\/1\/wp-json\/wp\/v2\/posts\/128142","targetHints":{"allow":["GET"]}}],"collection":[{"href":"https:\/\/www.caririemacao.com\/1\/wp-json\/wp\/v2\/posts"}],"about":[{"href":"https:\/\/www.caririemacao.com\/1\/wp-json\/wp\/v2\/types\/post"}],"author":[{"embeddable":true,"href":"https:\/\/www.caririemacao.com\/1\/wp-json\/wp\/v2\/users\/1"}],"replies":[{"embeddable":true,"href":"https:\/\/www.caririemacao.com\/1\/wp-json\/wp\/v2\/comments?post=128142"}],"version-history":[{"count":1,"href":"https:\/\/www.caririemacao.com\/1\/wp-json\/wp\/v2\/posts\/128142\/revisions"}],"predecessor-version":[{"id":128145,"href":"https:\/\/www.caririemacao.com\/1\/wp-json\/wp\/v2\/posts\/128142\/revisions\/128145"}],"wp:featuredmedia":[{"embeddable":true,"href":"https:\/\/www.caririemacao.com\/1\/wp-json\/wp\/v2\/media\/128144"}],"wp:attachment":[{"href":"https:\/\/www.caririemacao.com\/1\/wp-json\/wp\/v2\/media?parent=128142"}],"wp:term":[{"taxonomy":"category","embeddable":true,"href":"https:\/\/www.caririemacao.com\/1\/wp-json\/wp\/v2\/categories?post=128142"},{"taxonomy":"post_tag","embeddable":true,"href":"https:\/\/www.caririemacao.com\/1\/wp-json\/wp\/v2\/tags?post=128142"}],"curies":[{"name":"wp","href":"https:\/\/api.w.org\/{rel}","templated":true}]}}