{"id":128146,"date":"2019-10-19T14:52:20","date_gmt":"2019-10-19T17:52:20","guid":{"rendered":"http:\/\/www.caririemacao.com\/1\/?p=128146"},"modified":"2019-10-19T14:52:20","modified_gmt":"2019-10-19T17:52:20","slug":"glenda-kozlowski-deixa-a-rede-globo-apos-23-anos-na-emissora","status":"publish","type":"post","link":"https:\/\/www.caririemacao.com\/1\/2019\/10\/19\/glenda-kozlowski-deixa-a-rede-globo-apos-23-anos-na-emissora\/","title":{"rendered":"Glenda Kozlowski deixa a Rede Globo ap\u00f3s 23 anos na emissora"},"content":{"rendered":"\n<p>A jornalista global, &nbsp;Glenda Kozlowski, famosa por ter sido uma das primeiras mulheres da atual gera\u00e7\u00e3o a atuar no jornalismo esportivo nacional e internacional, decidiu sair da emissora. O an\u00fancio foi feito pelo colunista Fl\u00e1vio Ricco, do UOL, neste s\u00e1bado (18).&nbsp;<\/p>\n\n\n\n<p>A jornalista completou em 2019 mais de duas d\u00e9cadas de trabalho na empresa. Foram 23 anos na Globo, cobrindo olimp\u00edadas, Copa do Mundo e grandes eventos esportivos, al\u00e9m de ter integrado o seleto quadro de \u00e2ncoras do Globo Esporte, que \u00e9 um dos programas mais antigos da emissora.&nbsp;<\/p>\n\n\n\n<p>Em nota a Globo oficializou a informa\u00e7\u00e3o. \u201cO Esporte da Globo e Glenda Kozlowski optaram, em comum acordo, por n\u00e3o renovar o contrato\u201d.<br><\/p>\n\n\n\n<p>Desde janeiro, a jornalista era apresentadora do T\u00e1 na \u00c1rea, do SporTV. Ela dividia o programa com Fred Ring, que continuar\u00e1 a frente do programa.<\/p>\n\n\n\n<p>Antes de se dedicar ao jornalismo esportivo, Glenda foi surfista de bodyboarding e ganhou cinco campeonatos nacionais e quatros campeonatos mundiais.<\/p>\n\n\n\n<p>Ela entrou na Globo em 1996, onde atuou como rep\u00f3rter e apresentadora de programas como Esporte Espetacular e Globo Esporte. Tamb\u00e9m foi respons\u00e1vel por narrar os desfiles das escolas de samba do Rio de Janeiro de 2009 a 2013. Al\u00e9m disso, cobriu Olimp\u00edadas e Copas do Mundo.<\/p>\n\n\n\n<p>Outros v\u00e1rios jornalistas deixaram a Globo neste ano, como Mauro Naves, Ivan Mor\u00e9 e Dony de Nuccio. Muitos deles foram contratados pela CNN, caso de Cris Dias, Monalisa Perrone, Evaristo Costa e do casal Mari Palma e Phelipe Siani.<\/p>\n","protected":false},"excerpt":{"rendered":"<p>A jornalista global, &nbsp;Glenda Kozlowski, famosa por ter sido uma das primeiras mulheres da atual gera\u00e7\u00e3o a atuar no jornalismo esportivo nacional e internacional, decidiu&hellip; <\/p>\n","protected":false},"author":1,"featured_media":128147,"comment_status":"closed","ping_status":"closed","sticky":false,"template":"","format":"standard","meta":{"sfsi_plus_gutenberg_text_before_share":"","sfsi_plus_gutenberg_show_text_before_share":"","sfsi_plus_gutenberg_icon_type":"","sfsi_plus_gutenberg_icon_alignemt":"","sfsi_plus_gutenburg_max_per_row":"","footnotes":""},"categories":[2],"tags":[],"class_list":["post-128146","post","type-post","status-publish","format-standard","has-post-thumbnail","hentry","category-geral"],"_links":{"self":[{"href":"https:\/\/www.caririemacao.com\/1\/wp-json\/wp\/v2\/posts\/128146","targetHints":{"allow":["GET"]}}],"collection":[{"href":"https:\/\/www.caririemacao.com\/1\/wp-json\/wp\/v2\/posts"}],"about":[{"href":"https:\/\/www.caririemacao.com\/1\/wp-json\/wp\/v2\/types\/post"}],"author":[{"embeddable":true,"href":"https:\/\/www.caririemacao.com\/1\/wp-json\/wp\/v2\/users\/1"}],"replies":[{"embeddable":true,"href":"https:\/\/www.caririemacao.com\/1\/wp-json\/wp\/v2\/comments?post=128146"}],"version-history":[{"count":1,"href":"https:\/\/www.caririemacao.com\/1\/wp-json\/wp\/v2\/posts\/128146\/revisions"}],"predecessor-version":[{"id":128148,"href":"https:\/\/www.caririemacao.com\/1\/wp-json\/wp\/v2\/posts\/128146\/revisions\/128148"}],"wp:featuredmedia":[{"embeddable":true,"href":"https:\/\/www.caririemacao.com\/1\/wp-json\/wp\/v2\/media\/128147"}],"wp:attachment":[{"href":"https:\/\/www.caririemacao.com\/1\/wp-json\/wp\/v2\/media?parent=128146"}],"wp:term":[{"taxonomy":"category","embeddable":true,"href":"https:\/\/www.caririemacao.com\/1\/wp-json\/wp\/v2\/categories?post=128146"},{"taxonomy":"post_tag","embeddable":true,"href":"https:\/\/www.caririemacao.com\/1\/wp-json\/wp\/v2\/tags?post=128146"}],"curies":[{"name":"wp","href":"https:\/\/api.w.org\/{rel}","templated":true}]}}