{"id":128174,"date":"2019-10-19T15:00:59","date_gmt":"2019-10-19T18:00:59","guid":{"rendered":"http:\/\/www.caririemacao.com\/1\/?p=128174"},"modified":"2019-10-19T15:00:59","modified_gmt":"2019-10-19T18:00:59","slug":"gilmar-mendes-suspende-lei-municipal-que-barrava-ensino-de-genero","status":"publish","type":"post","link":"https:\/\/www.caririemacao.com\/1\/2019\/10\/19\/gilmar-mendes-suspende-lei-municipal-que-barrava-ensino-de-genero\/","title":{"rendered":"Gilmar Mendes suspende lei municipal que barrava ensino de g\u00eanero"},"content":{"rendered":"\n<p>O ministro Gilmar Mendes, do Supremo Tribunal Federal (STF), concedeu&nbsp;ontem&nbsp;(18) uma liminar (decis\u00e3o provis\u00f3ria) para suspender dois artigos de uma lei municipal que proibe o ensino sobre diversidade de g\u00eanero e orienta\u00e7\u00e3o sexual nas escolas.<\/p>\n\n\n\n<p>A lei de Ipatinga (MG), em vigor desde 2015, estabelece que o munic\u00edpio n\u00e3o pode \u201cadotar, nem mesmo sob a forma de diretrizes, nenhuma estrat\u00e9gia ou a\u00e7\u00f5es educativas de promo\u00e7\u00e3o \u00e0 diversidade de g\u00eanero\u201d.<\/p>\n\n\n\n<p>A legisla\u00e7\u00e3o municipal diz ainda que o munic\u00edpio \u201cn\u00e3o poder\u00e1 implementar ou desenvolver nenhum ensino ou abordagem referente \u00e0 ideologia de g\u00eanero e orienta\u00e7\u00e3o sexual, sendo vedada a inser\u00e7\u00e3o de qualquer tem\u00e1tica da diversidade de g\u00eanero nas pr\u00e1ticas pedag\u00f3gicas e no cotidiano das escolas\u201d.<\/p>\n\n\n\n<p>A lei \u00e9 contestada no Supremo desde 2017, quando o ent\u00e3o procurador-geral da Rep\u00fablica, Rodrigo Janot, abriu uma argui\u00e7\u00e3o de descumprimento de preceito fundamental (ADPF) contra a norma.<\/p>\n\n\n\n<p>Janot alegou viola\u00e7\u00e3o a preceitos fundamentais como o pluralismo de ideias e o direito \u00e0 liberdade de aprender, ensinar, pesquisar e divulgar o pensamento, a arte e o saber. Ele tamb\u00e9m argumentou que cabe apenas \u00e0 Uni\u00e3o editar normas sobre o assunto.<\/p>\n\n\n\n<p>Dois anos ap\u00f3s a Procuradoria-Geral da Rep\u00fablica pedir a liminar, Gilmar Mendes aceitou o pedido. O ministro do STF concordou que a lei municipal vai contra as liberdades de ensinar e aprender, al\u00e9m de violar princ\u00edpios constitucionais como o da igualdade e o da n\u00e3o discrimina\u00e7\u00e3o.<\/p>\n\n\n\n<p>Gilmar Mendes afirmou ser \u201cimportante acentuar que as restri\u00e7\u00f5es \u00e0s liberdades de express\u00e3o e de ensino s\u00e3o caracter\u00edsticas t\u00edpicas de Estados totalit\u00e1rios ou autorit\u00e1rios\u201d.<\/p>\n\n\n\n<p>O ministro mencionou como exemplo ruim a queima de livros pelos nazistas em 1933 e citou o poeta Heinrich Heine, segundo o qual \u201conde se queimam livros, no final, acabam-se queimando tamb\u00e9m homens\u201d.<\/p>\n\n\n\n<p>A suspens\u00e3o da lei municipal vigora, ao menos, at\u00e9 que o caso seja julgado pelo plen\u00e1rio do Supremo, o que n\u00e3o tem data para ocorrer.<\/p>\n","protected":false},"excerpt":{"rendered":"<p>O ministro Gilmar Mendes, do Supremo Tribunal Federal (STF), concedeu&nbsp;ontem&nbsp;(18) uma liminar (decis\u00e3o provis\u00f3ria) para suspender dois artigos de uma lei municipal que proibe o&hellip; <\/p>\n","protected":false},"author":1,"featured_media":72930,"comment_status":"closed","ping_status":"closed","sticky":false,"template":"","format":"standard","meta":{"sfsi_plus_gutenberg_text_before_share":"","sfsi_plus_gutenberg_show_text_before_share":"","sfsi_plus_gutenberg_icon_type":"","sfsi_plus_gutenberg_icon_alignemt":"","sfsi_plus_gutenburg_max_per_row":"","footnotes":""},"categories":[11],"tags":[],"class_list":["post-128174","post","type-post","status-publish","format-standard","has-post-thumbnail","hentry","category-politica"],"_links":{"self":[{"href":"https:\/\/www.caririemacao.com\/1\/wp-json\/wp\/v2\/posts\/128174","targetHints":{"allow":["GET"]}}],"collection":[{"href":"https:\/\/www.caririemacao.com\/1\/wp-json\/wp\/v2\/posts"}],"about":[{"href":"https:\/\/www.caririemacao.com\/1\/wp-json\/wp\/v2\/types\/post"}],"author":[{"embeddable":true,"href":"https:\/\/www.caririemacao.com\/1\/wp-json\/wp\/v2\/users\/1"}],"replies":[{"embeddable":true,"href":"https:\/\/www.caririemacao.com\/1\/wp-json\/wp\/v2\/comments?post=128174"}],"version-history":[{"count":1,"href":"https:\/\/www.caririemacao.com\/1\/wp-json\/wp\/v2\/posts\/128174\/revisions"}],"predecessor-version":[{"id":128178,"href":"https:\/\/www.caririemacao.com\/1\/wp-json\/wp\/v2\/posts\/128174\/revisions\/128178"}],"wp:featuredmedia":[{"embeddable":true,"href":"https:\/\/www.caririemacao.com\/1\/wp-json\/wp\/v2\/media\/72930"}],"wp:attachment":[{"href":"https:\/\/www.caririemacao.com\/1\/wp-json\/wp\/v2\/media?parent=128174"}],"wp:term":[{"taxonomy":"category","embeddable":true,"href":"https:\/\/www.caririemacao.com\/1\/wp-json\/wp\/v2\/categories?post=128174"},{"taxonomy":"post_tag","embeddable":true,"href":"https:\/\/www.caririemacao.com\/1\/wp-json\/wp\/v2\/tags?post=128174"}],"curies":[{"name":"wp","href":"https:\/\/api.w.org\/{rel}","templated":true}]}}