{"id":128183,"date":"2019-10-19T15:05:15","date_gmt":"2019-10-19T18:05:15","guid":{"rendered":"http:\/\/www.caririemacao.com\/1\/?p=128183"},"modified":"2019-10-19T15:05:15","modified_gmt":"2019-10-19T18:05:15","slug":"no-japao-bolsonaro-tera-encontro-bilateral-com-presidente-da-ucrania","status":"publish","type":"post","link":"https:\/\/www.caririemacao.com\/1\/2019\/10\/19\/no-japao-bolsonaro-tera-encontro-bilateral-com-presidente-da-ucrania\/","title":{"rendered":"No Jap\u00e3o, Bolsonaro ter\u00e1 encontro bilateral com presidente da Ucr\u00e2nia"},"content":{"rendered":"\n<p> Em sua viagem ao Jap\u00e3o, o presidente Jair Bolsonaro ter\u00e1 uma reuni\u00e3o bilateral com o presidente da Ucr\u00e2nia, Volodymyr Zelenski, al\u00e9m do encontro privado que ter\u00e1 com o primeiro-ministro japon\u00eas, Shinzo Abe.<\/p>\n\n\n\n<p>Bolsonaro embarca hoje (19), \u00e0s 22 horas, para o Jap\u00e3o, primeira parada de uma turn\u00ea de dez dias pela \u00c1sia e pelo Oriente M\u00e9dio, na qual visitar\u00e1 ainda China, Emirados \u00c1rabes Unidos, Catar e Ar\u00e1bia Saudita. A volta ao Brasil est\u00e1 prevista para a manh\u00e3 do dia 31.<\/p>\n\n\n\n<p>A chegada a T\u00f3quio, onde o presidente participar\u00e1 da cerim\u00f4nia de entroniza\u00e7\u00e3o do imperador Nahurito, est\u00e1 prevista para as 13h de domingo (20).<\/p>\n\n\n\n<p>Uma nova agenda com detalhes sobre os compromissos no Jap\u00e3o foi divulgada neste s\u00e1bado (19) pelo Pal\u00e1cio do Planalto. Na previs\u00e3o anterior, n\u00e3o constavam os encontros bilaterais com Abe e Zelenski.<\/p>\n\n\n\n<p>Comediante estreante na pol\u00edtica, Zelenski assumiu o cargo em maio. Atualmente, o presidente ucraniano encontra-se no centro de um processo de&nbsp;<em>impeachment<\/em>&nbsp;contra o presidente dos Estados Unidos, Donald Trump, que teria pedido a ele para intervir numa investiga\u00e7\u00e3o contra Joe Biden, seu rival pol\u00edtico.&nbsp;<\/p>\n\n\n\n<h2 class=\"wp-block-heading\">Not\u00e1veis<\/h2>\n\n\n\n<p>Al\u00e9m do encontro bilateral com Abe, Bolsonaro participar\u00e1 na quarta-feira (23)&nbsp; de um banquete oferecido pelo primeiro-ministro japon\u00eas a todos os chefes de Estado presentes na entroniza\u00e7\u00e3o do imperador.<\/p>\n\n\n\n<p>Tamb\u00e9m na quarta (23), est\u00e1 prevista uma reuni\u00e3o de Bolsonaro com os membros de um grupo de not\u00e1veis, formado pelos dirigentes das principais empresas do Jap\u00e3o (Mitsui, Toyota, Honda, Mitsubishi, dentre outras).<\/p>\n\n\n\n<p>Integram a comitiva de Bolsonaro os ministros Ernesto Ara\u00fajo (Rela\u00e7\u00f5es Exteriores), Onyx Lorenzoni (Casa Civil), Tereza Cristina (Agricultura), Osmar Terra (Cidadania), Bento Albuquerque (Minas e Energia) e Augusto Heleno (Gabinete de Seguran\u00e7a Institucional).<\/p>\n\n\n\n<h2 class=\"wp-block-heading\">PGR<\/h2>\n\n\n\n<p>Na manh\u00e3 deste s\u00e1bado (19), Bolsonaro recebeu no Pal\u00e1cio do Alvorada a visita do procurador-geral da Rep\u00fablica, Augusto Aras, e do ex-deputado Alberto Fraga, um dos principais avalistas da indica\u00e7\u00e3o do novo PGR, que assumiu o cargo no m\u00eas passado.<\/p>\n\n\n\n<p>O encontro, que se encerrou por volta das 10h, foi confirmado por Fraga a jornalistas. Segundo o ex-deputado, tratou-se de uma visita de cortesia e quest\u00f5es pol\u00edticas n\u00e3o foram discutidas na presen\u00e7a do PGR. Em conversa reservada, por\u00e9m, ele admitiu ter falado com Bolsonaro sobre a situa\u00e7\u00e3o do PSL, partido do presidente.<\/p>\n","protected":false},"excerpt":{"rendered":"<p>Em sua viagem ao Jap\u00e3o, o presidente Jair Bolsonaro ter\u00e1 uma reuni\u00e3o bilateral com o presidente da Ucr\u00e2nia, Volodymyr Zelenski, al\u00e9m do encontro privado que&hellip; <\/p>\n","protected":false},"author":1,"featured_media":109951,"comment_status":"closed","ping_status":"closed","sticky":false,"template":"","format":"standard","meta":{"sfsi_plus_gutenberg_text_before_share":"","sfsi_plus_gutenberg_show_text_before_share":"","sfsi_plus_gutenberg_icon_type":"","sfsi_plus_gutenberg_icon_alignemt":"","sfsi_plus_gutenburg_max_per_row":"","footnotes":""},"categories":[11],"tags":[],"class_list":["post-128183","post","type-post","status-publish","format-standard","has-post-thumbnail","hentry","category-politica"],"_links":{"self":[{"href":"https:\/\/www.caririemacao.com\/1\/wp-json\/wp\/v2\/posts\/128183","targetHints":{"allow":["GET"]}}],"collection":[{"href":"https:\/\/www.caririemacao.com\/1\/wp-json\/wp\/v2\/posts"}],"about":[{"href":"https:\/\/www.caririemacao.com\/1\/wp-json\/wp\/v2\/types\/post"}],"author":[{"embeddable":true,"href":"https:\/\/www.caririemacao.com\/1\/wp-json\/wp\/v2\/users\/1"}],"replies":[{"embeddable":true,"href":"https:\/\/www.caririemacao.com\/1\/wp-json\/wp\/v2\/comments?post=128183"}],"version-history":[{"count":1,"href":"https:\/\/www.caririemacao.com\/1\/wp-json\/wp\/v2\/posts\/128183\/revisions"}],"predecessor-version":[{"id":128185,"href":"https:\/\/www.caririemacao.com\/1\/wp-json\/wp\/v2\/posts\/128183\/revisions\/128185"}],"wp:featuredmedia":[{"embeddable":true,"href":"https:\/\/www.caririemacao.com\/1\/wp-json\/wp\/v2\/media\/109951"}],"wp:attachment":[{"href":"https:\/\/www.caririemacao.com\/1\/wp-json\/wp\/v2\/media?parent=128183"}],"wp:term":[{"taxonomy":"category","embeddable":true,"href":"https:\/\/www.caririemacao.com\/1\/wp-json\/wp\/v2\/categories?post=128183"},{"taxonomy":"post_tag","embeddable":true,"href":"https:\/\/www.caririemacao.com\/1\/wp-json\/wp\/v2\/tags?post=128183"}],"curies":[{"name":"wp","href":"https:\/\/api.w.org\/{rel}","templated":true}]}}