{"id":128188,"date":"2019-10-19T15:10:53","date_gmt":"2019-10-19T18:10:53","guid":{"rendered":"http:\/\/www.caririemacao.com\/1\/?p=128188"},"modified":"2019-10-19T15:10:53","modified_gmt":"2019-10-19T18:10:53","slug":"dez-anos-apos-vazamento-do-enem-nenhum-dos-envolvidos-foi-preso-ou-punido","status":"publish","type":"post","link":"https:\/\/www.caririemacao.com\/1\/2019\/10\/19\/dez-anos-apos-vazamento-do-enem-nenhum-dos-envolvidos-foi-preso-ou-punido\/","title":{"rendered":"Dez anos ap\u00f3s vazamento do Enem, nenhum dos envolvidos foi preso ou punido"},"content":{"rendered":"\n<p> Em 2009, no meio do otimista segundo mandato do presidente Lula (PT), 4,1 milh\u00f5es de candidatos haviam se inscrito para a primeira edi\u00e7\u00e3o do\u00a0<a href=\"https:\/\/paraibaonline.com.br\/2019\/10\/tecnologia-ajuda-no-estudo-para-o-enem-tem-ate-ajuda-de-robo-por-celular\/\">novo Enem<\/a>: a partir dali, a nota do exame criado em 1998 para avaliar o ensino m\u00e9dio valeria como vestibular unificado para universidades federais.<\/p>\n\n\n\n<p>Mas tinha um furto no meio caminho. Em 1\u00ba de outubro daquele ano, a dois dias do in\u00edcio das provas, o Enem vazou e a aplica\u00e7\u00e3o foi cancelada.<\/p>\n\n\n\n<p>Um funcion\u00e1rio de uma empresa de seguran\u00e7a que trabalhava na gr\u00e1fica que imprimia as provas furtou uma c\u00f3pia e tentou vend\u00ea-la ao jornal O Estado de S. Paulo. A veracidade do material foi confirmada e o ent\u00e3o ministro da Educa\u00e7\u00e3o Fernando Haddad cancelou o Enem.<\/p>\n\n\n\n<p>Uma d\u00e9cada depois, ningu\u00e9m foi preso por causa disso. Quatro envolvidos no vazamento e na tentativa de vender o material foram condenados em 2011 pela Justi\u00e7a Federal. A defesa dos acusados ingressaram com recurso.<\/p>\n\n\n\n<p>Tamb\u00e9m o Minist\u00e9rio P\u00fablico Federal recorreu ao considerar as penas, de 2 anos a 5 anos, muito brandas em face do estrago do epis\u00f3dio.<\/p>\n\n\n\n<p>Na \u00e9poca, o preju\u00edzo calculado pela Procuradoria Federal foi de R$ 45 milh\u00f5es, c\u00e1lculo que incluiu a aplica\u00e7\u00e3o \u00e0s pressas ainda naquele ano (o valor equivale a R$ 78 milh\u00f5es com atualiza\u00e7\u00e3o da infla\u00e7\u00e3o).<\/p>\n\n\n\n<p>O processo segue no TRF (Tribunal Regional Federal) da 3\u00ba Regi\u00e3o, mas a a\u00e7\u00e3o est\u00e1 sob sigilo. Os motivos do segredo tamb\u00e9m s\u00e3o sigilosos, conforme conta a jornalista Renata Cafardo no livro \u201cO roubo do Enem\u201d (Ed. Record). Foi ela quem recebeu a liga\u00e7\u00e3o com a oferta da prova.<\/p>\n\n\n\n<p>O material havia sido levado de dentro da gr\u00e1fica Plural, parceria do Grupo Folha com a Quad Graphics. A empresa n\u00e3o foi responsabilizada judicialmente pelo ocorrido.<\/p>\n\n\n\n<p>O epis\u00f3dio causou preju\u00edzos aos cofres p\u00fablicos, transtorno a estudantes e a institui\u00e7\u00f5es que aguardavam a nota para preencher as vagas.<\/p>\n\n\n\n<p>Foi tamb\u00e9m um desgaste pol\u00edtico para o governo, embora tenha imposto a dilig\u00eancia que cerca a realiza\u00e7\u00e3o do exame at\u00e9 hoje.<\/p>\n\n\n\n<p>O Inep passou a incrementar os protocolos de seguran\u00e7a, o que tamb\u00e9m ampliou os gastos. O exame tem um custo estimado para este ano de R$ 537 milh\u00f5es e conta com 31,7 mil pessoas envolvidas apenas na log\u00edstica \u2013transporte, seguran\u00e7a e distribui\u00e7\u00e3o dos malotes.<\/p>\n\n\n\n<p>Embora de menor dimens\u00e3o, o Enem acumulou outros erros, principalmente nas duas edi\u00e7\u00f5es seguintes. Em 2010, uma falha na impress\u00e3o prejudicou v\u00e1rios candidatos, e uma nova prova foi realizada para esse grupo.<\/p>\n\n\n\n<p>Um ano depois o exame trouxe 14 quest\u00f5es repetidas de uma aplica\u00e7\u00e3o recente de pr\u00e9-teste em uma escola de Fortaleza.<\/p>\n\n\n\n<figure class=\"wp-block-image\"><img decoding=\"async\" data-src=\"https:\/\/paraibaonline.com.br\/wp-content\/uploads\/2019\/10\/enem2016-567x377.jpg\" alt=\"Foto: ABr\" class=\"wp-image-813719 lazyload\" src=\"data:image\/svg+xml;base64,PHN2ZyB3aWR0aD0iMSIgaGVpZ2h0PSIxIiB4bWxucz0iaHR0cDovL3d3dy53My5vcmcvMjAwMC9zdmciPjwvc3ZnPg==\" style=\"--smush-placeholder-width: 567px; --smush-placeholder-aspect-ratio: 567\/377;\" \/><\/figure>\n\n\n\n<p>Foto: ABr<\/p>\n\n\n\n<p>O pr\u00e9-teste de quest\u00f5es \u00e9 uma das etapas do modelo de elabora\u00e7\u00e3o da prova, iniciado em 2009, e que permite diferentes exames com o mesmo grau de dificuldade.<\/p>\n\n\n\n<p>Mas, em seus 21 anos, o Enem resistiu e se consolidou com o passar dos anos como vestibular para praticamente todas as universidades federais do pa\u00eds.<\/p>\n\n\n\n<p>A USP, por exemplo, tamb\u00e9m seleciona alunos a partir da nota no exame e 41 universidades portuguesas tamb\u00e9m o aceitam.<\/p>\n\n\n\n<p>Ap\u00f3s o vazamento, o governo contratou a gr\u00e1fica RR Donnelley para a reaplica\u00e7\u00e3o ainda em 2009. A empresa se manteve \u00e0 frente dos trabalhos desde ent\u00e3o. No per\u00edodo, houve apenas duas licita\u00e7\u00f5es, em 2010 e 2016, e a empresa saiu vencedora e recebeu o contrato.<\/p>\n\n\n\n<p>No ano que o vazamento completa dez anos, por\u00e9m, a gr\u00e1fica anunciou fal\u00eancia e a segunda colocada no \u00faltimo certame, a Valid, assumiu os trabalhos por decis\u00e3o do governo Jair Bolsonaro (PSL).<\/p>\n\n\n\n<p>O TCU (Tribunal de Contas da Uni\u00e3o) ainda apura se houve um suposto conluio entre as duas empresas.<\/p>\n","protected":false},"excerpt":{"rendered":"<p>Em 2009, no meio do otimista segundo mandato do presidente Lula (PT), 4,1 milh\u00f5es de candidatos haviam se inscrito para a primeira edi\u00e7\u00e3o do\u00a0novo Enem:&hellip; <\/p>\n","protected":false},"author":1,"featured_media":106034,"comment_status":"closed","ping_status":"closed","sticky":false,"template":"","format":"standard","meta":{"sfsi_plus_gutenberg_text_before_share":"","sfsi_plus_gutenberg_show_text_before_share":"","sfsi_plus_gutenberg_icon_type":"","sfsi_plus_gutenberg_icon_alignemt":"","sfsi_plus_gutenburg_max_per_row":"","footnotes":""},"categories":[2],"tags":[],"class_list":["post-128188","post","type-post","status-publish","format-standard","has-post-thumbnail","hentry","category-geral"],"_links":{"self":[{"href":"https:\/\/www.caririemacao.com\/1\/wp-json\/wp\/v2\/posts\/128188","targetHints":{"allow":["GET"]}}],"collection":[{"href":"https:\/\/www.caririemacao.com\/1\/wp-json\/wp\/v2\/posts"}],"about":[{"href":"https:\/\/www.caririemacao.com\/1\/wp-json\/wp\/v2\/types\/post"}],"author":[{"embeddable":true,"href":"https:\/\/www.caririemacao.com\/1\/wp-json\/wp\/v2\/users\/1"}],"replies":[{"embeddable":true,"href":"https:\/\/www.caririemacao.com\/1\/wp-json\/wp\/v2\/comments?post=128188"}],"version-history":[{"count":1,"href":"https:\/\/www.caririemacao.com\/1\/wp-json\/wp\/v2\/posts\/128188\/revisions"}],"predecessor-version":[{"id":128190,"href":"https:\/\/www.caririemacao.com\/1\/wp-json\/wp\/v2\/posts\/128188\/revisions\/128190"}],"wp:featuredmedia":[{"embeddable":true,"href":"https:\/\/www.caririemacao.com\/1\/wp-json\/wp\/v2\/media\/106034"}],"wp:attachment":[{"href":"https:\/\/www.caririemacao.com\/1\/wp-json\/wp\/v2\/media?parent=128188"}],"wp:term":[{"taxonomy":"category","embeddable":true,"href":"https:\/\/www.caririemacao.com\/1\/wp-json\/wp\/v2\/categories?post=128188"},{"taxonomy":"post_tag","embeddable":true,"href":"https:\/\/www.caririemacao.com\/1\/wp-json\/wp\/v2\/tags?post=128188"}],"curies":[{"name":"wp","href":"https:\/\/api.w.org\/{rel}","templated":true}]}}