{"id":128211,"date":"2019-10-19T15:19:54","date_gmt":"2019-10-19T18:19:54","guid":{"rendered":"http:\/\/www.caririemacao.com\/1\/?p=128211"},"modified":"2019-10-19T15:19:54","modified_gmt":"2019-10-19T18:19:54","slug":"homem-e-preso-suspeito-de-espancar-mulher-gravida-na-paraiba","status":"publish","type":"post","link":"https:\/\/www.caririemacao.com\/1\/2019\/10\/19\/homem-e-preso-suspeito-de-espancar-mulher-gravida-na-paraiba\/","title":{"rendered":"Homem \u00e9 preso suspeito de espancar mulher gr\u00e1vida na Para\u00edba"},"content":{"rendered":"\n<p>Um homem foi preso em flagrante na quarta-feira (16), suspeito de espancar a companheira que est\u00e1 gr\u00e1vida, em Ara\u00e7agi, no Agreste da Para\u00edba. A pol\u00edcia chegou at\u00e9 o casal atrav\u00e9s de den\u00fancias an\u00f4nimas de testemunhas que disseram ter ouvindo a mulher pedindo ajuda.<\/p>\n\n\n\n<p>Chegando ao local, a pol\u00edcia encontrou a v\u00edtima acompanhada dos filhos. Ela contou que o marido teria batido nela com socos e chutes e quebrado v\u00e1rios objetos no interior do apartamento, onde eles moravam.<\/p>\n\n\n\n<p>Ela disse ainda que n\u00e3o era a primeira vez que havia sido agredida. Os policiais deram voz de pris\u00e3o ao suspeito e o conduziram para a Delegacia de Pol\u00edcia Civil de Guarabira, onde ele foi autuado pelo crime de viol\u00eancia dom\u00e9stica.<\/p>\n","protected":false},"excerpt":{"rendered":"<p>Um homem foi preso em flagrante na quarta-feira (16), suspeito de espancar a companheira que est\u00e1 gr\u00e1vida, em Ara\u00e7agi, no Agreste da Para\u00edba. A pol\u00edcia&hellip; <\/p>\n","protected":false},"author":1,"featured_media":104562,"comment_status":"closed","ping_status":"closed","sticky":false,"template":"","format":"standard","meta":{"sfsi_plus_gutenberg_text_before_share":"","sfsi_plus_gutenberg_show_text_before_share":"","sfsi_plus_gutenberg_icon_type":"","sfsi_plus_gutenberg_icon_alignemt":"","sfsi_plus_gutenburg_max_per_row":"","footnotes":""},"categories":[12],"tags":[],"class_list":["post-128211","post","type-post","status-publish","format-standard","has-post-thumbnail","hentry","category-policia"],"_links":{"self":[{"href":"https:\/\/www.caririemacao.com\/1\/wp-json\/wp\/v2\/posts\/128211","targetHints":{"allow":["GET"]}}],"collection":[{"href":"https:\/\/www.caririemacao.com\/1\/wp-json\/wp\/v2\/posts"}],"about":[{"href":"https:\/\/www.caririemacao.com\/1\/wp-json\/wp\/v2\/types\/post"}],"author":[{"embeddable":true,"href":"https:\/\/www.caririemacao.com\/1\/wp-json\/wp\/v2\/users\/1"}],"replies":[{"embeddable":true,"href":"https:\/\/www.caririemacao.com\/1\/wp-json\/wp\/v2\/comments?post=128211"}],"version-history":[{"count":1,"href":"https:\/\/www.caririemacao.com\/1\/wp-json\/wp\/v2\/posts\/128211\/revisions"}],"predecessor-version":[{"id":128213,"href":"https:\/\/www.caririemacao.com\/1\/wp-json\/wp\/v2\/posts\/128211\/revisions\/128213"}],"wp:featuredmedia":[{"embeddable":true,"href":"https:\/\/www.caririemacao.com\/1\/wp-json\/wp\/v2\/media\/104562"}],"wp:attachment":[{"href":"https:\/\/www.caririemacao.com\/1\/wp-json\/wp\/v2\/media?parent=128211"}],"wp:term":[{"taxonomy":"category","embeddable":true,"href":"https:\/\/www.caririemacao.com\/1\/wp-json\/wp\/v2\/categories?post=128211"},{"taxonomy":"post_tag","embeddable":true,"href":"https:\/\/www.caririemacao.com\/1\/wp-json\/wp\/v2\/tags?post=128211"}],"curies":[{"name":"wp","href":"https:\/\/api.w.org\/{rel}","templated":true}]}}