{"id":128221,"date":"2019-10-19T18:15:18","date_gmt":"2019-10-19T21:15:18","guid":{"rendered":"http:\/\/www.caririemacao.com\/1\/?p=128221"},"modified":"2019-10-19T18:15:18","modified_gmt":"2019-10-19T21:15:18","slug":"comunidade-rural-de-sume-recebe-sistema-de-dessalinizacao-do-procase","status":"publish","type":"post","link":"https:\/\/www.caririemacao.com\/1\/2019\/10\/19\/comunidade-rural-de-sume-recebe-sistema-de-dessalinizacao-do-procase\/","title":{"rendered":"Comunidade rural de Sum\u00e9 recebe sistema de dessaliniza\u00e7\u00e3o do Procase"},"content":{"rendered":"\n<p><br>Com o objetivo de extrair o excesso de sal da \u00e1gua para torn\u00e1-la apta para o consumo humano, produzindo \u00e1gua pot\u00e1vel para as comunidades rurais de Sum\u00e9, no Maracaj\u00e1, Formigueiro, Serrote Verde, Volta do Rio, Assentamento Serrote Agudo e Riacho da Ro\u00e7a, o prefeito \u00c9den Duarte assinou na manh\u00e3 desta sexta-feira (18), a ordem de servi\u00e7o para a implanta\u00e7\u00e3o do sistema de dessaliniza\u00e7\u00e3o das comunidades.<\/p>\n\n\n\n<p>A a\u00e7\u00e3o ser\u00e1 realizada com a parceria do Governo do Estado, por meio do Projeto de Desenvolvimento Sustent\u00e1vel do Cariri, Serid\u00f3 e Curimata\u00fa (Procase) e vai beneficiar 65 fam\u00edlias.<\/p>\n\n\n\n<p>Al\u00e9m do prefeito \u00c9den Duarte estiveram presentes: o vice-prefeito, Dr\u00f3 Barbosa, Robi Tabolka, coordenador estadual do Programa \u00c1gua Doce, Joseane Bezerra, mobilizadora social do Procase, Isca Viana, secret\u00e1rio de Agricultura, os vereadores Bonilson Timot\u00e9o e Daniel L\u00eala e o ex-vereador Pep\u00ea Paulino.<\/p>\n\n\n\n<div class=\"wp-block-image\"><figure class=\"aligncenter\"><a href=\"http:\/\/noticiasemdestaque.com\/cd\/wp-content\/uploads\/2019\/10\/IMG_9226.jpg\"><img decoding=\"async\" data-src=\"http:\/\/noticiasemdestaque.com\/cd\/wp-content\/uploads\/2019\/10\/IMG_9226.jpg\" alt=\"\" class=\"wp-image-20306 lazyload\" src=\"data:image\/svg+xml;base64,PHN2ZyB3aWR0aD0iMSIgaGVpZ2h0PSIxIiB4bWxucz0iaHR0cDovL3d3dy53My5vcmcvMjAwMC9zdmciPjwvc3ZnPg==\" \/><\/a><\/figure><\/div>\n\n\n\n<p>Este \u00e9 o quarto sistema de dessaliniza\u00e7\u00e3o constru\u00eddo desde o in\u00edcio da gest\u00e3o do prefeito \u00c9den Duarte. Ser\u00e3o cerca de 80 mil reais investidos na obra, a expectativa \u00e9 que at\u00e9 o in\u00edcio de dezembro o sistema esteja em funcionamento. &nbsp;A previs\u00e3o \u00e9 de que sejam produzidos 400 litros de \u00e1gua por hora de funcionamento.<\/p>\n\n\n\n<p>O coordenador do Programa \u00c1gua Doce, Robi Tabolka, afirmou que o sistema ser\u00e1 realidade gra\u00e7as ao esfor\u00e7o da Prefeitura de Sum\u00e9, \u201cO prefeito \u00c9den \u00e9 um grande parceiro, executou sua contrapartida com an\u00e1lise de \u00e1gua, teste de vaz\u00e3o, documenta\u00e7\u00e3o da \u00e1rea e pagamento da energia ap\u00f3s execu\u00e7\u00e3o\u201d, relatou Robi.<\/p>\n\n\n\n<p>A presidente da Associa\u00e7\u00e3o da Maracaj\u00e1, Rita Gon\u00e7alves, afirmou que com o sistema, a realidade dos moradores muda completamente \u201cEssas comunidades tem \u00e1gua salgada que n\u00e3o serve para o consumo, agora com o sistema de dessaliniza\u00e7\u00e3o tudo fica melhor\u201d, declarou Rita.<\/p>\n\n\n\n<p>O prefeito \u00c9den agradeceu a parceria do Governo do Estado da Para\u00edba para a vinda de mais um importante benef\u00edcio para o munic\u00edpio. \u201cS\u00e3o a\u00e7\u00f5es como essas e com boas parcerias que seguiremos em frente trabalhando pela melhoria de vida da nossa popula\u00e7\u00e3o\u201d, destacou.<\/p>\n\n\n\n<p>Ascom\/PMS<\/p>\n","protected":false},"excerpt":{"rendered":"<p>Com o objetivo de extrair o excesso de sal da \u00e1gua para torn\u00e1-la apta para o consumo humano, produzindo \u00e1gua pot\u00e1vel para as comunidades rurais&hellip; <\/p>\n","protected":false},"author":1,"featured_media":128222,"comment_status":"closed","ping_status":"closed","sticky":false,"template":"","format":"standard","meta":{"sfsi_plus_gutenberg_text_before_share":"","sfsi_plus_gutenberg_show_text_before_share":"","sfsi_plus_gutenberg_icon_type":"","sfsi_plus_gutenberg_icon_alignemt":"","sfsi_plus_gutenburg_max_per_row":"","footnotes":""},"categories":[2],"tags":[],"class_list":["post-128221","post","type-post","status-publish","format-standard","has-post-thumbnail","hentry","category-geral"],"_links":{"self":[{"href":"https:\/\/www.caririemacao.com\/1\/wp-json\/wp\/v2\/posts\/128221","targetHints":{"allow":["GET"]}}],"collection":[{"href":"https:\/\/www.caririemacao.com\/1\/wp-json\/wp\/v2\/posts"}],"about":[{"href":"https:\/\/www.caririemacao.com\/1\/wp-json\/wp\/v2\/types\/post"}],"author":[{"embeddable":true,"href":"https:\/\/www.caririemacao.com\/1\/wp-json\/wp\/v2\/users\/1"}],"replies":[{"embeddable":true,"href":"https:\/\/www.caririemacao.com\/1\/wp-json\/wp\/v2\/comments?post=128221"}],"version-history":[{"count":1,"href":"https:\/\/www.caririemacao.com\/1\/wp-json\/wp\/v2\/posts\/128221\/revisions"}],"predecessor-version":[{"id":128223,"href":"https:\/\/www.caririemacao.com\/1\/wp-json\/wp\/v2\/posts\/128221\/revisions\/128223"}],"wp:featuredmedia":[{"embeddable":true,"href":"https:\/\/www.caririemacao.com\/1\/wp-json\/wp\/v2\/media\/128222"}],"wp:attachment":[{"href":"https:\/\/www.caririemacao.com\/1\/wp-json\/wp\/v2\/media?parent=128221"}],"wp:term":[{"taxonomy":"category","embeddable":true,"href":"https:\/\/www.caririemacao.com\/1\/wp-json\/wp\/v2\/categories?post=128221"},{"taxonomy":"post_tag","embeddable":true,"href":"https:\/\/www.caririemacao.com\/1\/wp-json\/wp\/v2\/tags?post=128221"}],"curies":[{"name":"wp","href":"https:\/\/api.w.org\/{rel}","templated":true}]}}