{"id":128225,"date":"2019-10-19T18:17:00","date_gmt":"2019-10-19T21:17:00","guid":{"rendered":"http:\/\/www.caririemacao.com\/1\/?p=128225"},"modified":"2019-10-19T18:17:00","modified_gmt":"2019-10-19T21:17:00","slug":"prefeitura-de-camalau-vai-comprar-retroescavadeira-e-trator-de-esteira-com-emenda-de-pedro-cunha-lima","status":"publish","type":"post","link":"https:\/\/www.caririemacao.com\/1\/2019\/10\/19\/prefeitura-de-camalau-vai-comprar-retroescavadeira-e-trator-de-esteira-com-emenda-de-pedro-cunha-lima\/","title":{"rendered":"Prefeitura de Camala\u00fa vai comprar retroescavadeira e trator de esteira com emenda de Pedro Cunha Lima"},"content":{"rendered":"\n<p>\n\nO prefeito de Camala\u00fa, Sandro M\u00f4co, fez um balan\u00e7o de sua viagem \u00e0 Capital Federal, destacou recursos que est\u00e3o assegurados para investir em v\u00e1rias \u00e1reas do munic\u00edpio e j\u00e1 avisou que em breve vai adquirir duas maquinas pesadas com recursos de R$ 600 mil de uma emenda parlamentar do deputado federal, Pedro Cunha Lima.<br>\u201cEstamos fazendo cota\u00e7\u00f5es de pre\u00e7o para fazer a aquisi\u00e7\u00e3o das duas m\u00e1quinas: uma retroescavadeira e um trator de esteira. S\u00e3o equipamentos fundamentais para o nosso munic\u00edpio\u201d, expressou Sandro.<br>Sandro foi recebido pela senadora Daniella Ribeiro que tamb\u00e9m se comprometeu em destinar recursos para reforma do mercado p\u00fablico e pavimenta\u00e7\u00e3o asf\u00e1ltica nas principais ruas da cidade.<br>Da deputada federal e ex-prefeita da cidade de Monteiro, Edna Henrique, Sandro recebeu a garantia do empenho de R$ 250 mil reais para pavimenta\u00e7\u00e3o.<br>No programa de r\u00e1dio de responsabilidade da Prefeitura de Camala\u00fa, o gestor tamb\u00e9m afirmou que os recursos de uma emenda do ex-senador C\u00e1ssio Cunha Lima para constru\u00e7\u00e3o de uma academia da sa\u00fade vai sair o mais breve poss\u00edvel.<br>No balan\u00e7o da viagem, Sandro destacou o compromisso do deputado Pedro Cunha Lima em conseguir recursos para aquisi\u00e7\u00e3o de equipamentos para o laborat\u00f3rio de analises do munic\u00edpio, que evitar\u00e1 que a popula\u00e7\u00e3o se desloque para outros centros.<br><strong>Blog do Bruno Lira<\/strong><br><\/p>\n","protected":false},"excerpt":{"rendered":"<p>O prefeito de Camala\u00fa, Sandro M\u00f4co, fez um balan\u00e7o de sua viagem \u00e0 Capital Federal, destacou recursos que est\u00e3o assegurados para investir em v\u00e1rias \u00e1reas&hellip; <\/p>\n","protected":false},"author":1,"featured_media":51085,"comment_status":"closed","ping_status":"closed","sticky":false,"template":"","format":"standard","meta":{"sfsi_plus_gutenberg_text_before_share":"","sfsi_plus_gutenberg_show_text_before_share":"","sfsi_plus_gutenberg_icon_type":"","sfsi_plus_gutenberg_icon_alignemt":"","sfsi_plus_gutenburg_max_per_row":"","footnotes":""},"categories":[6],"tags":[],"class_list":["post-128225","post","type-post","status-publish","format-standard","has-post-thumbnail","hentry","category-cidades"],"_links":{"self":[{"href":"https:\/\/www.caririemacao.com\/1\/wp-json\/wp\/v2\/posts\/128225","targetHints":{"allow":["GET"]}}],"collection":[{"href":"https:\/\/www.caririemacao.com\/1\/wp-json\/wp\/v2\/posts"}],"about":[{"href":"https:\/\/www.caririemacao.com\/1\/wp-json\/wp\/v2\/types\/post"}],"author":[{"embeddable":true,"href":"https:\/\/www.caririemacao.com\/1\/wp-json\/wp\/v2\/users\/1"}],"replies":[{"embeddable":true,"href":"https:\/\/www.caririemacao.com\/1\/wp-json\/wp\/v2\/comments?post=128225"}],"version-history":[{"count":1,"href":"https:\/\/www.caririemacao.com\/1\/wp-json\/wp\/v2\/posts\/128225\/revisions"}],"predecessor-version":[{"id":128226,"href":"https:\/\/www.caririemacao.com\/1\/wp-json\/wp\/v2\/posts\/128225\/revisions\/128226"}],"wp:featuredmedia":[{"embeddable":true,"href":"https:\/\/www.caririemacao.com\/1\/wp-json\/wp\/v2\/media\/51085"}],"wp:attachment":[{"href":"https:\/\/www.caririemacao.com\/1\/wp-json\/wp\/v2\/media?parent=128225"}],"wp:term":[{"taxonomy":"category","embeddable":true,"href":"https:\/\/www.caririemacao.com\/1\/wp-json\/wp\/v2\/categories?post=128225"},{"taxonomy":"post_tag","embeddable":true,"href":"https:\/\/www.caririemacao.com\/1\/wp-json\/wp\/v2\/tags?post=128225"}],"curies":[{"name":"wp","href":"https:\/\/api.w.org\/{rel}","templated":true}]}}