{"id":128228,"date":"2019-10-19T18:21:47","date_gmt":"2019-10-19T21:21:47","guid":{"rendered":"http:\/\/www.caririemacao.com\/1\/?p=128228"},"modified":"2019-10-19T18:21:47","modified_gmt":"2019-10-19T21:21:47","slug":"prefeitura-de-sao-joao-do-tigre-promove-dia-de-lazer-para-comemorar-data-dedicada-aos-professores","status":"publish","type":"post","link":"https:\/\/www.caririemacao.com\/1\/2019\/10\/19\/prefeitura-de-sao-joao-do-tigre-promove-dia-de-lazer-para-comemorar-data-dedicada-aos-professores\/","title":{"rendered":"Prefeitura de S\u00e3o Jo\u00e3o do Tigre promove Dia de Lazer para comemorar data dedicada aos professores"},"content":{"rendered":"\n<p>A prefeitura municipal de S\u00e3o Jo\u00e3o do Tigre, atrav\u00e9s da equipe da secretaria de educa\u00e7\u00e3o promoveu neste final de semana, um momento de lazer bastante merecido para os professores da rede municipal de ensino tigrense.<br>A comemora\u00e7\u00e3o do Dia dos Professores foi realizada no Cube Cant\u00e1guas, um dos melhores parques aqu\u00e1ticos de todo o estado, e contou com a participa\u00e7\u00e3o das professoras, funcion\u00e1rios, da secret\u00e1ria de educa\u00e7\u00e3o Cristiane Costa e at\u00e9 mesmo do prefeito C\u00e9lio Barbosa, entre outros.<br>Al\u00e9m do lazer, tamb\u00e9m foram distribu\u00eddos presentes aos mestres e foram feitas diversas homenagens.\u00a0<br><\/p>\n\n\n\n<figure class=\"wp-block-image\"><a href=\"https:\/\/scontent.fcpv1-1.fna.fbcdn.net\/v\/t1.0-9\/72728255_2541609299263186_371763461379588096_n.jpg?_nc_cat=106&amp;_nc_eui2=AeESu5nHhEa2VBQA8ijNP-DjUDd_jeYTtSAssbO6lx2dJO-YEWt4hsreTXzRXezwuGUpk3RpJg0HXEPhn703cUu7eBaUwH4VW0Ocrwc1SmQZIQ&amp;_nc_oc=AQmbWkrId8MVzqlkLfNO6f4g6QYO49WwYL7Kb6k2ug7g-FiMCqLr6HhvVlbGpx7JV0U&amp;_nc_ht=scontent.fcpv1-1.fna&amp;oh=f24a02411f963e67ca715756c8da963b&amp;oe=5E19E107\"><img decoding=\"async\" data-src=\"https:\/\/scontent.fcpv1-1.fna.fbcdn.net\/v\/t1.0-9\/72728255_2541609299263186_371763461379588096_n.jpg?_nc_cat=106&amp;_nc_eui2=AeESu5nHhEa2VBQA8ijNP-DjUDd_jeYTtSAssbO6lx2dJO-YEWt4hsreTXzRXezwuGUpk3RpJg0HXEPhn703cUu7eBaUwH4VW0Ocrwc1SmQZIQ&amp;_nc_oc=AQmbWkrId8MVzqlkLfNO6f4g6QYO49WwYL7Kb6k2ug7g-FiMCqLr6HhvVlbGpx7JV0U&amp;_nc_ht=scontent.fcpv1-1.fna&amp;oh=f24a02411f963e67ca715756c8da963b&amp;oe=5E19E107\" alt=\"72728255_2541609299263186_371763461379588096_n.jpg?_nc_cat=106&amp;_nc_eui2=AeESu5nHhEa2VBQA8ijNP-DjUDd_jeYTtSAssbO6lx2dJO-YEWt4hsreTXzRXezwuGUpk3RpJg0HXEPhn703cUu7eBaUwH4VW0Ocrwc1SmQZIQ&amp;_nc_oc=AQmbWkrId8MVzqlkLfNO6f4g6QYO49WwYL7Kb6k2ug7g-FiMCqLr6HhvVlbGpx7JV0U&amp;_nc_ht=scontent.fcpv1-1\" src=\"data:image\/svg+xml;base64,PHN2ZyB3aWR0aD0iMSIgaGVpZ2h0PSIxIiB4bWxucz0iaHR0cDovL3d3dy53My5vcmcvMjAwMC9zdmciPjwvc3ZnPg==\" class=\"lazyload\" \/><\/a><\/figure>\n\n\n\n<p>\u201c\u00c9 sempre muito bom sabermos o quanto influenciamos e marcamos de forma positiva com nossas atitudes e gestos os nossos alunos&#8230; As homenagens de cada um dos antigos alunos e tamb\u00e9m dos atuais ficar\u00e3o muito vivas em nossas mem\u00f3rias e s\u00e3o combust\u00edveis para continuarmos sendo a ESTRELA VERDE nos espa\u00e7os os quais semeamos diariamente nossas sementes em meio a Educa\u00e7\u00e3o\u201d, declarou a secret\u00e1ria de educa\u00e7\u00e3o.<br>Foi uma comemora\u00e7\u00e3o \u00e0 altura da import\u00e2ncia dos professores, e do tamanho do empenho e dedica\u00e7\u00e3o que a atual gest\u00e3o municipal tem todos aqueles que trabalham na \u00e1rea da educa\u00e7\u00e3o municipal em S\u00e3o Jo\u00e3o do Tigre.<br><strong>F\u00c1BIO BRITO<\/strong><br><\/p>\n\n\n\n<figure class=\"wp-block-image\"><img decoding=\"async\" src=\"https:\/\/blogdofabiobrito5.blogspot.com\/2019\/10\/prefeitura-de-sao-joao-do-tigre-promove.html\" alt=\"\"\/><\/figure>\n","protected":false},"excerpt":{"rendered":"<p>A prefeitura municipal de S\u00e3o Jo\u00e3o do Tigre, atrav\u00e9s da equipe da secretaria de educa\u00e7\u00e3o promoveu neste final de semana, um momento de lazer bastante&hellip; <\/p>\n","protected":false},"author":1,"featured_media":128229,"comment_status":"closed","ping_status":"closed","sticky":false,"template":"","format":"standard","meta":{"sfsi_plus_gutenberg_text_before_share":"","sfsi_plus_gutenberg_show_text_before_share":"","sfsi_plus_gutenberg_icon_type":"","sfsi_plus_gutenberg_icon_alignemt":"","sfsi_plus_gutenburg_max_per_row":"","footnotes":""},"categories":[6],"tags":[],"class_list":["post-128228","post","type-post","status-publish","format-standard","has-post-thumbnail","hentry","category-cidades"],"_links":{"self":[{"href":"https:\/\/www.caririemacao.com\/1\/wp-json\/wp\/v2\/posts\/128228","targetHints":{"allow":["GET"]}}],"collection":[{"href":"https:\/\/www.caririemacao.com\/1\/wp-json\/wp\/v2\/posts"}],"about":[{"href":"https:\/\/www.caririemacao.com\/1\/wp-json\/wp\/v2\/types\/post"}],"author":[{"embeddable":true,"href":"https:\/\/www.caririemacao.com\/1\/wp-json\/wp\/v2\/users\/1"}],"replies":[{"embeddable":true,"href":"https:\/\/www.caririemacao.com\/1\/wp-json\/wp\/v2\/comments?post=128228"}],"version-history":[{"count":1,"href":"https:\/\/www.caririemacao.com\/1\/wp-json\/wp\/v2\/posts\/128228\/revisions"}],"predecessor-version":[{"id":128230,"href":"https:\/\/www.caririemacao.com\/1\/wp-json\/wp\/v2\/posts\/128228\/revisions\/128230"}],"wp:featuredmedia":[{"embeddable":true,"href":"https:\/\/www.caririemacao.com\/1\/wp-json\/wp\/v2\/media\/128229"}],"wp:attachment":[{"href":"https:\/\/www.caririemacao.com\/1\/wp-json\/wp\/v2\/media?parent=128228"}],"wp:term":[{"taxonomy":"category","embeddable":true,"href":"https:\/\/www.caririemacao.com\/1\/wp-json\/wp\/v2\/categories?post=128228"},{"taxonomy":"post_tag","embeddable":true,"href":"https:\/\/www.caririemacao.com\/1\/wp-json\/wp\/v2\/tags?post=128228"}],"curies":[{"name":"wp","href":"https:\/\/api.w.org\/{rel}","templated":true}]}}