{"id":128232,"date":"2019-10-19T18:23:12","date_gmt":"2019-10-19T21:23:12","guid":{"rendered":"http:\/\/www.caririemacao.com\/1\/?p=128232"},"modified":"2019-10-19T18:23:12","modified_gmt":"2019-10-19T21:23:12","slug":"prefeitura-de-zabele-celebra-sucesso-de-evento-cultural-no-municipio","status":"publish","type":"post","link":"https:\/\/www.caririemacao.com\/1\/2019\/10\/19\/prefeitura-de-zabele-celebra-sucesso-de-evento-cultural-no-municipio\/","title":{"rendered":"Prefeitura de Zabel\u00ea celebra sucesso de evento cultural no munic\u00edpio"},"content":{"rendered":"\n<p>\n\nMais uma vez a Prefeitura Municipal de Zabel\u00ea, no Cariri Ocidental da Para\u00edba, celebrou o sucesso de um evento que aconteceu, nessa sexta-feira (18), no munic\u00edpio. Trata-se da PEGA DE BOI.<br>A festa j\u00e1 estar na sua XXIV edi\u00e7\u00e3o e tem se tornado uma marca entre as festividades que a gest\u00e3o municipal tem realizado sempre com o intuito de promover a cultura, o desenvolvimento e, sobretudo, o bem estar da popula\u00e7\u00e3o zabeleense.<br>A sociedade do munic\u00edpio e da regi\u00e3o percebeu a import\u00e2ncia da festa e o resultado foi a expressiva participa\u00e7\u00e3o do p\u00fablico que, sem nenhuma d\u00favida, deu mais brilho e prest\u00edgio ao acontecimento que j\u00e1 deixou de ser uma promessa para ser uma realidade da administra\u00e7\u00e3o CONTINUANDO NO RUMO CERTO, que tem a frente o prefeito Dalyson Neves (PSDB) e que fez quest\u00e3o de prestigiar de perto a PEGA DE BOI mostrando que \u00e9 importante realizar e participar.<br>Ali\u00e1s, a XXIV PEGA DE BOI foi prestigiada, tamb\u00e9m, por v\u00e1rias lideran\u00e7as pol\u00edticas, entre elas o ex-prefeito Lucivaldo Henrique. O p\u00fablico se divertiu ainda com os shows de OT\u00c1VIO e Banda e EDY e Nathan. Outra parte do evento que chamou a aten\u00e7\u00e3o foi a premia\u00e7\u00e3o: 15 bois no valor de R$ 500,00 (cada), totalizando R$ 7.500,00.<strong><br><\/strong><strong>S\u00d3PB.COM<\/strong><\/p>\n","protected":false},"excerpt":{"rendered":"<p>Mais uma vez a Prefeitura Municipal de Zabel\u00ea, no Cariri Ocidental da Para\u00edba, celebrou o sucesso de um evento que aconteceu, nessa sexta-feira (18), no&hellip; <\/p>\n","protected":false},"author":1,"featured_media":128233,"comment_status":"closed","ping_status":"closed","sticky":false,"template":"","format":"standard","meta":{"sfsi_plus_gutenberg_text_before_share":"","sfsi_plus_gutenberg_show_text_before_share":"","sfsi_plus_gutenberg_icon_type":"","sfsi_plus_gutenberg_icon_alignemt":"","sfsi_plus_gutenburg_max_per_row":"","footnotes":""},"categories":[2],"tags":[],"class_list":["post-128232","post","type-post","status-publish","format-standard","has-post-thumbnail","hentry","category-geral"],"_links":{"self":[{"href":"https:\/\/www.caririemacao.com\/1\/wp-json\/wp\/v2\/posts\/128232","targetHints":{"allow":["GET"]}}],"collection":[{"href":"https:\/\/www.caririemacao.com\/1\/wp-json\/wp\/v2\/posts"}],"about":[{"href":"https:\/\/www.caririemacao.com\/1\/wp-json\/wp\/v2\/types\/post"}],"author":[{"embeddable":true,"href":"https:\/\/www.caririemacao.com\/1\/wp-json\/wp\/v2\/users\/1"}],"replies":[{"embeddable":true,"href":"https:\/\/www.caririemacao.com\/1\/wp-json\/wp\/v2\/comments?post=128232"}],"version-history":[{"count":1,"href":"https:\/\/www.caririemacao.com\/1\/wp-json\/wp\/v2\/posts\/128232\/revisions"}],"predecessor-version":[{"id":128234,"href":"https:\/\/www.caririemacao.com\/1\/wp-json\/wp\/v2\/posts\/128232\/revisions\/128234"}],"wp:featuredmedia":[{"embeddable":true,"href":"https:\/\/www.caririemacao.com\/1\/wp-json\/wp\/v2\/media\/128233"}],"wp:attachment":[{"href":"https:\/\/www.caririemacao.com\/1\/wp-json\/wp\/v2\/media?parent=128232"}],"wp:term":[{"taxonomy":"category","embeddable":true,"href":"https:\/\/www.caririemacao.com\/1\/wp-json\/wp\/v2\/categories?post=128232"},{"taxonomy":"post_tag","embeddable":true,"href":"https:\/\/www.caririemacao.com\/1\/wp-json\/wp\/v2\/tags?post=128232"}],"curies":[{"name":"wp","href":"https:\/\/api.w.org\/{rel}","templated":true}]}}