{"id":128236,"date":"2019-10-19T18:24:47","date_gmt":"2019-10-19T21:24:47","guid":{"rendered":"http:\/\/www.caririemacao.com\/1\/?p=128236"},"modified":"2019-10-19T18:24:47","modified_gmt":"2019-10-19T21:24:47","slug":"prefeitura-de-monteiro-oferece-novos-cursos-profissionalizantes","status":"publish","type":"post","link":"https:\/\/www.caririemacao.com\/1\/2019\/10\/19\/prefeitura-de-monteiro-oferece-novos-cursos-profissionalizantes\/","title":{"rendered":"Prefeitura de Monteiro oferece novos cursos profissionalizantes"},"content":{"rendered":"\n<p>A Prefeitura Municipal de Monteiro vem investindo ano a ano no crescimento profissional e econ\u00f4mico da popula\u00e7\u00e3o atrav\u00e9s de cursos e capacita\u00e7\u00f5es oferecidos de forma gratuita \u00e0 popula\u00e7\u00e3o.<br>Hoje Monteiro conta com profissionais formados atrav\u00e9s da Secretaria de Desenvolvimento Social em Curso de Pintura em Tecido, Curso de Operador de M\u00e1quinas Pesadas, Confec\u00e7\u00e3o de Cal\u00e7ados, Confec\u00e7\u00e3o de Bolsas em Couro e Tecido, Cuidador de Idosos, Maquiagem e auto maquiagem, Unhas em Gel para iniciantes e avan\u00e7ado, Confeiteiro de Doces e Salgados, Curso de Orat\u00f3ria, Primeiros Socorros \u2013 Teoria e Pr\u00e1tica, Curso de Forma\u00e7\u00e3o de Gerentes, Curso de Atendente de Farm\u00e1cia, Curso de Artesanato em Feltro, Curso de Orienta\u00e7\u00e3o profissional, Curso Pedreiro, Curso de Cabeleireiro, Curso de Costureira Industrial, Curso de Design de Sobrancelha, Curso de Produ\u00e7\u00e3o de Ceia de Natal, Curso de Gastronomia, Curso de Manuten\u00e7\u00e3o de ar-condicionado e Curso Especializado para Condutores de Ve\u00edculos Escolares.<br>Ao todo s\u00e3o mais de 2.000 profissionais habilitados para exercer diversas atividades que comp\u00f5e a base econ\u00f4mica da cidade no setor de servi\u00e7os, o que proporciona crescimento n\u00e3o s\u00f3 no \u00e2mbito individual, como tamb\u00e9m um acr\u00e9scimo na vida da pr\u00f3pria comunidade.<br>\u201cO que queremos \u00e9 gerar empregos e estimular novos neg\u00f3cios, movimentar a economia local e ainda levar novas perspectivas para a popula\u00e7\u00e3o atrav\u00e9s destes cursos que garantem a qualidade do servi\u00e7o e da m\u00e3o de obra. Pais e m\u00e3es de fam\u00edlia hoje podem garantir o sustento de suas casas melhorando a qualidade de vida de monteirenses, algo proporcionado pela administra\u00e7\u00e3o municipal desde 2017\u201d, disse Rosa Aleixo, secret\u00e1ria de Desenvolvimento Social.<br>A prefeita Anna Lorena afirmou que a iniciativa adotada no in\u00edcio da gest\u00e3o de oferecer cursos de qualifica\u00e7\u00e3o para a cidade de Monteiro vem da observa\u00e7\u00e3o das necessidades bem como de pedidos da popula\u00e7\u00e3o.\u00a0<br>\u201cOs programas da prefeitura est\u00e3o surtindo efeitos bastante positivos, ouvimos a popula\u00e7\u00e3o no gabinete, no Programa Dialogando com o Povo, bem como atrav\u00e9s de secret\u00e1rios e vereadores que tamb\u00e9m nos repassam os anseios das pessoas. Queremos que cada residente da cidade tenha sua renda, uma boa qualidade de vida para si e para sua fam\u00edlia, estamos aqui pra trabalhar por todos e fazer de Monteiro uma cidade cada vez melhor\u201d, disse.<br><strong>Novos Cursos<br><\/strong>A Secretaria de Desenvolvimento Social oferece a partir desta segunda-feira, 21, 60 vagas para os cursos de Design de Sobrancelha, Drenagem Linf\u00e1tica e Cuidador de Crian\u00e7as, sendo os dois \u00faltimos in\u00e9ditos na grade de capacita\u00e7\u00e3o.<br><strong>Como Proceder<br><\/strong>Os interessados em participarem dos cursos oferecidos pela Prefeitura de Monteiro devem comparecer a sede da Secretaria de Desenvolvimento Social, localizada na Rua Professora Maria da Salete \u2013 Alto de S\u00e3o Vicente, portando os documentos de RG, CPF, NIS e cart\u00e3o do programa Bolsa Fam\u00edlia, de segunda a sexta-feira, das 07h:30 \u00e0s 13h:00 ou obterem informa\u00e7\u00f5es atrav\u00e9s do telefone 3351.1810. <\/p>\n","protected":false},"excerpt":{"rendered":"<p>A Prefeitura Municipal de Monteiro vem investindo ano a ano no crescimento profissional e econ\u00f4mico da popula\u00e7\u00e3o atrav\u00e9s de cursos e capacita\u00e7\u00f5es oferecidos de forma&hellip; <\/p>\n","protected":false},"author":1,"featured_media":128237,"comment_status":"closed","ping_status":"closed","sticky":false,"template":"","format":"standard","meta":{"sfsi_plus_gutenberg_text_before_share":"","sfsi_plus_gutenberg_show_text_before_share":"","sfsi_plus_gutenberg_icon_type":"","sfsi_plus_gutenberg_icon_alignemt":"","sfsi_plus_gutenburg_max_per_row":"","footnotes":""},"categories":[2],"tags":[],"class_list":["post-128236","post","type-post","status-publish","format-standard","has-post-thumbnail","hentry","category-geral"],"_links":{"self":[{"href":"https:\/\/www.caririemacao.com\/1\/wp-json\/wp\/v2\/posts\/128236","targetHints":{"allow":["GET"]}}],"collection":[{"href":"https:\/\/www.caririemacao.com\/1\/wp-json\/wp\/v2\/posts"}],"about":[{"href":"https:\/\/www.caririemacao.com\/1\/wp-json\/wp\/v2\/types\/post"}],"author":[{"embeddable":true,"href":"https:\/\/www.caririemacao.com\/1\/wp-json\/wp\/v2\/users\/1"}],"replies":[{"embeddable":true,"href":"https:\/\/www.caririemacao.com\/1\/wp-json\/wp\/v2\/comments?post=128236"}],"version-history":[{"count":1,"href":"https:\/\/www.caririemacao.com\/1\/wp-json\/wp\/v2\/posts\/128236\/revisions"}],"predecessor-version":[{"id":128238,"href":"https:\/\/www.caririemacao.com\/1\/wp-json\/wp\/v2\/posts\/128236\/revisions\/128238"}],"wp:featuredmedia":[{"embeddable":true,"href":"https:\/\/www.caririemacao.com\/1\/wp-json\/wp\/v2\/media\/128237"}],"wp:attachment":[{"href":"https:\/\/www.caririemacao.com\/1\/wp-json\/wp\/v2\/media?parent=128236"}],"wp:term":[{"taxonomy":"category","embeddable":true,"href":"https:\/\/www.caririemacao.com\/1\/wp-json\/wp\/v2\/categories?post=128236"},{"taxonomy":"post_tag","embeddable":true,"href":"https:\/\/www.caririemacao.com\/1\/wp-json\/wp\/v2\/tags?post=128236"}],"curies":[{"name":"wp","href":"https:\/\/api.w.org\/{rel}","templated":true}]}}