{"id":128240,"date":"2019-10-19T20:01:59","date_gmt":"2019-10-19T23:01:59","guid":{"rendered":"http:\/\/www.caririemacao.com\/1\/?p=128240"},"modified":"2019-10-19T20:01:59","modified_gmt":"2019-10-19T23:01:59","slug":"caririzeiro-e-preso-pela-pc-quando-tentava-fugir-na-rodoviaria-em-campina-grande","status":"publish","type":"post","link":"https:\/\/www.caririemacao.com\/1\/2019\/10\/19\/caririzeiro-e-preso-pela-pc-quando-tentava-fugir-na-rodoviaria-em-campina-grande\/","title":{"rendered":"Caririzeiro \u00e9 preso pela PC quando tentava fugir na rodovi\u00e1ria em Campina Grande"},"content":{"rendered":"\n<p>A Pol\u00edcia Civil atrav\u00e9s da Delegacia Especializada de Crimes Contra o Patrim\u00f4nio De Campina Grande \u2013 DRF\/CG, prendeu na tarde desta ter\u00e7a-feira(15) o caririzeiro Andr\u00e9 Gon\u00e7alves Vidal, 36 anos, em cumprimento de mandado de pris\u00e3o.<\/p>\n\n\n\n<p>Andr\u00e9 Vidal que \u00e9 filho do ex-prefeito de Gurj\u00e3o, Jos\u00e9 Carlos Vidal, estava foragido do sistema prisional e tentava empreender fuga da cidade de Campina Grande, quando os investigadores da DRF, ap\u00f3s o recebimento de den\u00fancia an\u00f4nima, capturaram o suspeito j\u00e1 na rodovi\u00e1ria aguardando o \u00f4nibus para embarcar para a cidade de Jo\u00e3o Pessoa.<\/p>\n\n\n\n<p>Andr\u00e9 foi detido e j\u00e1 encontra-se na carceragem da Central de Pol\u00edcia e ser\u00e1 apresentado ao judici\u00e1rio para audi\u00eancia de cust\u00f3dia.<\/p>\n\n\n\n<p><strong>De Olho no Cariri<\/strong><\/p>\n","protected":false},"excerpt":{"rendered":"<p>A Pol\u00edcia Civil atrav\u00e9s da Delegacia Especializada de Crimes Contra o Patrim\u00f4nio De Campina Grande \u2013 DRF\/CG, prendeu na tarde desta ter\u00e7a-feira(15) o caririzeiro Andr\u00e9&hellip; <\/p>\n","protected":false},"author":1,"featured_media":128242,"comment_status":"closed","ping_status":"closed","sticky":false,"template":"","format":"standard","meta":{"sfsi_plus_gutenberg_text_before_share":"","sfsi_plus_gutenberg_show_text_before_share":"","sfsi_plus_gutenberg_icon_type":"","sfsi_plus_gutenberg_icon_alignemt":"","sfsi_plus_gutenburg_max_per_row":"","footnotes":""},"categories":[12],"tags":[],"class_list":["post-128240","post","type-post","status-publish","format-standard","has-post-thumbnail","hentry","category-policia"],"_links":{"self":[{"href":"https:\/\/www.caririemacao.com\/1\/wp-json\/wp\/v2\/posts\/128240","targetHints":{"allow":["GET"]}}],"collection":[{"href":"https:\/\/www.caririemacao.com\/1\/wp-json\/wp\/v2\/posts"}],"about":[{"href":"https:\/\/www.caririemacao.com\/1\/wp-json\/wp\/v2\/types\/post"}],"author":[{"embeddable":true,"href":"https:\/\/www.caririemacao.com\/1\/wp-json\/wp\/v2\/users\/1"}],"replies":[{"embeddable":true,"href":"https:\/\/www.caririemacao.com\/1\/wp-json\/wp\/v2\/comments?post=128240"}],"version-history":[{"count":1,"href":"https:\/\/www.caririemacao.com\/1\/wp-json\/wp\/v2\/posts\/128240\/revisions"}],"predecessor-version":[{"id":128243,"href":"https:\/\/www.caririemacao.com\/1\/wp-json\/wp\/v2\/posts\/128240\/revisions\/128243"}],"wp:featuredmedia":[{"embeddable":true,"href":"https:\/\/www.caririemacao.com\/1\/wp-json\/wp\/v2\/media\/128242"}],"wp:attachment":[{"href":"https:\/\/www.caririemacao.com\/1\/wp-json\/wp\/v2\/media?parent=128240"}],"wp:term":[{"taxonomy":"category","embeddable":true,"href":"https:\/\/www.caririemacao.com\/1\/wp-json\/wp\/v2\/categories?post=128240"},{"taxonomy":"post_tag","embeddable":true,"href":"https:\/\/www.caririemacao.com\/1\/wp-json\/wp\/v2\/tags?post=128240"}],"curies":[{"name":"wp","href":"https:\/\/api.w.org\/{rel}","templated":true}]}}