{"id":128265,"date":"2019-10-20T08:48:54","date_gmt":"2019-10-20T11:48:54","guid":{"rendered":"http:\/\/www.caririemacao.com\/1\/?p=128265"},"modified":"2019-10-20T08:48:54","modified_gmt":"2019-10-20T11:48:54","slug":"governo-prepara-nova-revisao-do-pib-no-ano","status":"publish","type":"post","link":"https:\/\/www.caririemacao.com\/1\/2019\/10\/20\/governo-prepara-nova-revisao-do-pib-no-ano\/","title":{"rendered":"Governo prepara nova revis\u00e3o do PIB no ano"},"content":{"rendered":"\n<p>&nbsp;O governo prepara uma nova revis\u00e3o para o crescimento do PIB (Produto Interno Bruto) neste ano.<\/p>\n\n\n\n<p>A vis\u00e3o na equipe econ\u00f4mica \u00e9 que efeitos de a\u00e7\u00f5es como a libera\u00e7\u00e3o dos saques do FGTS (Fundo de Garantia do Tempo de Servi\u00e7o) ainda podem levar a um aumento da taxa, estimada hoje em 0,85%.<\/p>\n\n\n\n<p>Os novos par\u00e2metros devem ser divulgados no come\u00e7o de novembro. Aumento no crescimento do PIB ajuda a amenizar o rombo nas contas p\u00fablicas por se traduzir em maior previs\u00e3o de receitas, mas o impacto desta vez deve ser pequeno, j\u00e1 que a maior parte delas em 2019 j\u00e1 foi computada (a previs\u00e3o maior, portanto, impulsionaria o fim do ano).<\/p>\n\n\n\n<p>O mercado projeta h\u00e1 semanas um avan\u00e7o de 0,87% em 2019, segundo o levantamento do boletim Focus (do Banco Central). Internamente, a equipe econ\u00f4mica estima um avan\u00e7o ainda maior, de 0,90%.<\/p>\n\n\n\n<p>Essa taxa coincide com estimativas de fora do governo, como \u00e9 o caso dos c\u00e1lculos do FMI (Fundo Monet\u00e1rio Internacional) e da CNI (Confedera\u00e7\u00e3o Nacional da Ind\u00fastria).<\/p>\n\n\n\n<p>J\u00e1 o Ita\u00fa Unibanco passou a considerar um crescimento superior nesta semana, de 1%.<br>Na equipe econ\u00f4mica, s\u00e3o considerados como importantes para os c\u00e1lculos fatores ainda n\u00e3o totalmente absorvidos nos c\u00e1lculos do mercado.<\/p>\n\n\n\n<p>Est\u00e3o na conta os saques do FGTS e maiores atividades no setor de \u00f3leo e g\u00e1s. &#8220;Est\u00e1 melhorando. Provavelmente vai mexer para cima&#8221;, diz Adolfo Sachsida, secret\u00e1rio de Pol\u00edtica Econ\u00f4mica.<\/p>\n\n\n\n<p>Segundo t\u00e9cnicos do Minist\u00e9rio da Economia, os indicadores come\u00e7am a dar sinais de avan\u00e7o tamb\u00e9m em raz\u00e3o de perspectivas de maior equil\u00edbrio fiscal. A secretaria considera que o ritmo de crescimento do PIB representa uma retomada ainda lenta.<\/p>\n\n\n\n<p>No entanto, o \u00f3rg\u00e3o acredita que os n\u00fameros detalhados indicam o come\u00e7o de uma mudan\u00e7a estrutural na economia, puxada pelo avan\u00e7o do setor privado (com retra\u00e7\u00e3o do gasto p\u00fablico).<\/p>\n\n\n\n<p>Os sinais do novo cen\u00e1rio, segundo t\u00e9cnicos, j\u00e1 aparecem nos dados do segundo trimestre, quando o crescimento do PIB do setor privado cresceu 1,69% em rela\u00e7\u00e3o ao mesmo per\u00edodo do ano anterior. Enquanto isso, o PIB do setor p\u00fablico encolheu 1,56%.<\/p>\n\n\n\n<p>Os dados foram calculados pela SPE (Secretaria de Pol\u00edtica Econ\u00f4mica) usando n\u00fameros de Ipea (Instituto de Pesquisa Econ\u00f4mica Aplicada) e IBGE (Instituto Brasileiro de Geografia e Estat\u00edstica).<\/p>\n\n\n\n<p>A an\u00e1lise conclui que a for\u00e7a-motriz do crescimento est\u00e1 mudando, com o setor privado em expans\u00e3o mais robusta.<\/p>\n\n\n\n<p>Vladimir Kuhl Teles, subsecret\u00e1rio de Pol\u00edtica Macroecon\u00f4mica, diz que a reforma da Previd\u00eancia j\u00e1 teria sido um fator respons\u00e1vel por evolu\u00e7\u00e3o no ambiente privado. &#8220;Se n\u00e3o tivesse ocorrido, certamente a economia no quaro trimestre seria muito pior do que o observado hoje&#8221;, afirma.<br><\/p>\n\n\n\n<p>A reforma da Previd\u00eancia tramita no Senado, e a expectativa \u00e9 que o texto seja votado em segundo turno na pr\u00f3xima semana.<br><\/p>\n\n\n\n<p>Os n\u00fameros apresentados mostram que o descolamento entre p\u00fablico e privado n\u00e3o \u00e9 in\u00e9dito \u2013j\u00e1 foi observado em 2017. Mesmo assim, a atual diferen\u00e7a entre as taxas (de 3,25 pontos percentuais) \u00e9 historicamente maior que a m\u00e9dia de 0,66 ponto percentual observada desde 1997.<br><\/p>\n\n\n\n<p>A SPE diz que o movimento \u00e9 um sinal do &#8220;crowding in&#8221;, quando investimentos privados passam a substituir os investimentos p\u00fablicos.<br><\/p>\n\n\n\n<p>Isso, na vis\u00e3o da equipe econ\u00f4mica, ocorre n\u00e3o apenas porque o setor p\u00fablico est\u00e1 sob conten\u00e7\u00e3o, mas tamb\u00e9m porque as condi\u00e7\u00f5es para o desenvolvimento do setor privado estariam se tornando mais favor\u00e1veis por um conjunto de fatores que incluem taxas de juros menores e infla\u00e7\u00e3o baixa.<\/p>\n","protected":false},"excerpt":{"rendered":"<p>&nbsp;O governo prepara uma nova revis\u00e3o para o crescimento do PIB (Produto Interno Bruto) neste ano. A vis\u00e3o na equipe econ\u00f4mica \u00e9 que efeitos de&hellip; <\/p>\n","protected":false},"author":1,"featured_media":7840,"comment_status":"closed","ping_status":"closed","sticky":false,"template":"","format":"standard","meta":{"sfsi_plus_gutenberg_text_before_share":"","sfsi_plus_gutenberg_show_text_before_share":"","sfsi_plus_gutenberg_icon_type":"","sfsi_plus_gutenberg_icon_alignemt":"","sfsi_plus_gutenburg_max_per_row":"","footnotes":""},"categories":[2],"tags":[],"class_list":["post-128265","post","type-post","status-publish","format-standard","has-post-thumbnail","hentry","category-geral"],"_links":{"self":[{"href":"https:\/\/www.caririemacao.com\/1\/wp-json\/wp\/v2\/posts\/128265","targetHints":{"allow":["GET"]}}],"collection":[{"href":"https:\/\/www.caririemacao.com\/1\/wp-json\/wp\/v2\/posts"}],"about":[{"href":"https:\/\/www.caririemacao.com\/1\/wp-json\/wp\/v2\/types\/post"}],"author":[{"embeddable":true,"href":"https:\/\/www.caririemacao.com\/1\/wp-json\/wp\/v2\/users\/1"}],"replies":[{"embeddable":true,"href":"https:\/\/www.caririemacao.com\/1\/wp-json\/wp\/v2\/comments?post=128265"}],"version-history":[{"count":1,"href":"https:\/\/www.caririemacao.com\/1\/wp-json\/wp\/v2\/posts\/128265\/revisions"}],"predecessor-version":[{"id":128266,"href":"https:\/\/www.caririemacao.com\/1\/wp-json\/wp\/v2\/posts\/128265\/revisions\/128266"}],"wp:featuredmedia":[{"embeddable":true,"href":"https:\/\/www.caririemacao.com\/1\/wp-json\/wp\/v2\/media\/7840"}],"wp:attachment":[{"href":"https:\/\/www.caririemacao.com\/1\/wp-json\/wp\/v2\/media?parent=128265"}],"wp:term":[{"taxonomy":"category","embeddable":true,"href":"https:\/\/www.caririemacao.com\/1\/wp-json\/wp\/v2\/categories?post=128265"},{"taxonomy":"post_tag","embeddable":true,"href":"https:\/\/www.caririemacao.com\/1\/wp-json\/wp\/v2\/tags?post=128265"}],"curies":[{"name":"wp","href":"https:\/\/api.w.org\/{rel}","templated":true}]}}