{"id":128275,"date":"2019-10-20T08:50:48","date_gmt":"2019-10-20T11:50:48","guid":{"rendered":"http:\/\/www.caririemacao.com\/1\/?p=128275"},"modified":"2019-10-20T08:50:48","modified_gmt":"2019-10-20T11:50:48","slug":"pt-da-paraiba-aprova-mocao-em-apoio-ao-socialista-ricardo-coutinho","status":"publish","type":"post","link":"https:\/\/www.caririemacao.com\/1\/2019\/10\/20\/pt-da-paraiba-aprova-mocao-em-apoio-ao-socialista-ricardo-coutinho\/","title":{"rendered":"PT da Para\u00edba aprova mo\u00e7\u00e3o em apoio ao socialista Ricardo Coutinho"},"content":{"rendered":"\n<p>O Partido dos Trabalhadores na Para\u00edba aprovou uma mo\u00e7\u00e3o de apoio ao ex-governador Ricardo Coutinho, do PSB, \u201cpelas acusa\u00e7\u00f5es sem provas que vem sofrendo, de envolvimento na Opera\u00e7\u00e3o Calv\u00e1rio\u201d. A proposi\u00e7\u00e3o de iniciativa do agrupamento Muda PT, por sugest\u00e3o do deputado federal Frei Anast\u00e1cio Ribeiro, foi revelada no congresso estadual do partido, reaizado nesse s\u00e1bado (19). As informa\u00e7\u00f5es s\u00e3o do jornalista Nonato Guedes.<\/p>\n\n\n\n<p>Al\u00e9m do deputado Frei Anast\u00e1cio Ribeiro, integram o agrupamento Muda PT a presidente eleita do diret\u00f3rio municipal de Jo\u00e3o Pessoa, Giuc\u00e9lia Figueiredo e outras lideran\u00e7as de destaque. No manifesto, os petistas afirmam que Ricardo Coutinho, mesmo n\u00e3o sendo filiado \u00e0 legenda, vem defendendo os ideais do PT e teve uma posi\u00e7\u00e3o firme na defesa da ex-presidente Dilma Rousseff, quando do processo de impeachment que ela sofreu, bem como no epis\u00f3dio da pris\u00e3o do ex-presidente Luiz In\u00e1cio Lula da Silva, que o PT qualifica como \u201cpersegui\u00e7\u00e3o pol\u00edtica\u201d. A mo\u00e7\u00e3o enfatiza, igualmente, que n\u00e3o h\u00e1 nenhuma prova concreta de envolvimento de Ricardo Coutinho na Opera\u00e7\u00e3o Calv\u00e1rio. \u201cO que h\u00e1 \u00e9 uma campanha difamat\u00f3ria\u201d, assevera.<\/p>\n\n\n\n<p>A mo\u00e7\u00e3o menciona que os ataques injustos s\u00e3o oriundos de grande parte da imprensa \u201ce de pol\u00edticos que tiveram seu coronelismo derrotado, nas urnas, pelo povo paraibano\u201d. Conforme o texto, \u201co ex-governador Ricardo Coutinho vem sendo crucificado sem nem mesmo ser citado na Opera\u00e7\u00e3o Calv\u00e1rio, numa clara campanha patrocinada, em grande parte da m\u00eddia, em blogs isolados financiados pelos coron\u00e9is pol\u00edticos deca\u00eddos\u201d. E acrescenta: \u201cEsse julgamento p\u00fablico contra Ricardo Coutinho, infundado, sem provas e injusto, tem o objetivo de tentar confundir a opini\u00e3o p\u00fablica sobre a figura do melhor gestor que a Para\u00edba j\u00e1 teve. \u00c9 a velha t\u00e1tica de comunica\u00e7\u00e3o de guerra nazista, de que uma mentira dita muitas vezes vira verdade\u201d.<\/p>\n\n\n\n<p>Os petistas revelam, ainda, que, mesmo fora do poder estadual, Ricardo Coutinho representa uma amea\u00e7a para a direita conservadora e para pol\u00edticos que se perpetuaram no poder, dando tapinhas nas costas do povo e com palavras bonitas, sem a\u00e7\u00f5es concretas.&nbsp; Por fim, o texto compara que o cen\u00e1rio envolvendo o ex-governador paraibano \u00e9 semelhante ao que cerca o ex-presidente Lula da Silva, preso em Curitiba no bojo da Opera\u00e7\u00e3o Lava-Jato.<\/p>\n\n\n\n<p>\u201cN\u00f3s, do PT, estamos firmes na defesa desse companheiro que continua defendendo os ideais do nosso partido, mesmo n\u00e3o sendo petista\u201d, conclui a mo\u00e7\u00e3o. Ricardo Coutinho prepara-se para viajar \u00e0 Espanha, a fim de participar de um semin\u00e1rio sobre a conjuntura brasileira e outros temas. Ele representar\u00e1 a Funda\u00e7\u00e3o Jo\u00e3o Mangabeira, \u00f3rg\u00e3o de estudos pol\u00edticos do PSB nacional, da qual \u00e9 presidente.<\/p>\n","protected":false},"excerpt":{"rendered":"<p>O Partido dos Trabalhadores na Para\u00edba aprovou uma mo\u00e7\u00e3o de apoio ao ex-governador Ricardo Coutinho, do PSB, \u201cpelas acusa\u00e7\u00f5es sem provas que vem sofrendo, de&hellip; <\/p>\n","protected":false},"author":1,"featured_media":99083,"comment_status":"closed","ping_status":"closed","sticky":false,"template":"","format":"standard","meta":{"sfsi_plus_gutenberg_text_before_share":"","sfsi_plus_gutenberg_show_text_before_share":"","sfsi_plus_gutenberg_icon_type":"","sfsi_plus_gutenberg_icon_alignemt":"","sfsi_plus_gutenburg_max_per_row":"","footnotes":""},"categories":[11],"tags":[],"class_list":["post-128275","post","type-post","status-publish","format-standard","has-post-thumbnail","hentry","category-politica"],"_links":{"self":[{"href":"https:\/\/www.caririemacao.com\/1\/wp-json\/wp\/v2\/posts\/128275","targetHints":{"allow":["GET"]}}],"collection":[{"href":"https:\/\/www.caririemacao.com\/1\/wp-json\/wp\/v2\/posts"}],"about":[{"href":"https:\/\/www.caririemacao.com\/1\/wp-json\/wp\/v2\/types\/post"}],"author":[{"embeddable":true,"href":"https:\/\/www.caririemacao.com\/1\/wp-json\/wp\/v2\/users\/1"}],"replies":[{"embeddable":true,"href":"https:\/\/www.caririemacao.com\/1\/wp-json\/wp\/v2\/comments?post=128275"}],"version-history":[{"count":1,"href":"https:\/\/www.caririemacao.com\/1\/wp-json\/wp\/v2\/posts\/128275\/revisions"}],"predecessor-version":[{"id":128277,"href":"https:\/\/www.caririemacao.com\/1\/wp-json\/wp\/v2\/posts\/128275\/revisions\/128277"}],"wp:featuredmedia":[{"embeddable":true,"href":"https:\/\/www.caririemacao.com\/1\/wp-json\/wp\/v2\/media\/99083"}],"wp:attachment":[{"href":"https:\/\/www.caririemacao.com\/1\/wp-json\/wp\/v2\/media?parent=128275"}],"wp:term":[{"taxonomy":"category","embeddable":true,"href":"https:\/\/www.caririemacao.com\/1\/wp-json\/wp\/v2\/categories?post=128275"},{"taxonomy":"post_tag","embeddable":true,"href":"https:\/\/www.caririemacao.com\/1\/wp-json\/wp\/v2\/tags?post=128275"}],"curies":[{"name":"wp","href":"https:\/\/api.w.org\/{rel}","templated":true}]}}