{"id":128295,"date":"2019-10-20T08:57:03","date_gmt":"2019-10-20T11:57:03","guid":{"rendered":"http:\/\/www.caririemacao.com\/1\/?p=128295"},"modified":"2019-10-20T08:57:03","modified_gmt":"2019-10-20T11:57:03","slug":"presidente-americano-comemora-acordo-de-fragil-cessar-fogo-na-siria","status":"publish","type":"post","link":"https:\/\/www.caririemacao.com\/1\/2019\/10\/20\/presidente-americano-comemora-acordo-de-fragil-cessar-fogo-na-siria\/","title":{"rendered":"Presidente americano comemora acordo de fr\u00e1gil cessar-fogo na S\u00edria"},"content":{"rendered":"\n<p>O governo americano firmou um acordo com a Turquia na quinta-feira (17). Contudo, o presidente turco, Recep Tayyip Erdogan, advertiu na sexta-feira (19) que suas tropas reiniciariam a ofensiva militar com maior intensidade se as for\u00e7as curdas n\u00e3o deixarem a regi\u00e3o ao longo da fronteira no prazo combinado de 120 horas.<\/p>\n\n\n\n<p>Trump declarou na sexta-feira (19) que disparos em menor grau de atiradores de elite e de morteiros foram rapidamente interrompidos. Ele comemorou afirmando que as san\u00e7\u00f5es americanas contra a Turquia resultaram no acordo pelo cessar-fogo.<\/p>\n\n\n\n<p>Contudo, a organiza\u00e7\u00e3o Observat\u00f3rio S\u00edrio para os Direitos Humanos afirmou que os combates continuaram na sexta-feira nas proximidades de Ras al-Ayn, no norte da S\u00edria, e que sete pessoas foram mortas em bombardeios a\u00e9reos da Turquia.<\/p>\n\n\n\n<p>O secret\u00e1rio da Defesa dos Estados Unidos, Mark Esper, vai visitar a partir de s\u00e1bado (19) o Oriente M\u00e9dio e Bruxelas, onde fica a sede da OTAN, para discutir a situa\u00e7\u00e3o.<\/p>\n","protected":false},"excerpt":{"rendered":"<p>O governo americano firmou um acordo com a Turquia na quinta-feira (17). Contudo, o presidente turco, Recep Tayyip Erdogan, advertiu na sexta-feira (19) que suas&hellip; <\/p>\n","protected":false},"author":1,"featured_media":110547,"comment_status":"closed","ping_status":"closed","sticky":false,"template":"","format":"standard","meta":{"sfsi_plus_gutenberg_text_before_share":"","sfsi_plus_gutenberg_show_text_before_share":"","sfsi_plus_gutenberg_icon_type":"","sfsi_plus_gutenberg_icon_alignemt":"","sfsi_plus_gutenburg_max_per_row":"","footnotes":""},"categories":[11],"tags":[],"class_list":["post-128295","post","type-post","status-publish","format-standard","has-post-thumbnail","hentry","category-politica"],"_links":{"self":[{"href":"https:\/\/www.caririemacao.com\/1\/wp-json\/wp\/v2\/posts\/128295","targetHints":{"allow":["GET"]}}],"collection":[{"href":"https:\/\/www.caririemacao.com\/1\/wp-json\/wp\/v2\/posts"}],"about":[{"href":"https:\/\/www.caririemacao.com\/1\/wp-json\/wp\/v2\/types\/post"}],"author":[{"embeddable":true,"href":"https:\/\/www.caririemacao.com\/1\/wp-json\/wp\/v2\/users\/1"}],"replies":[{"embeddable":true,"href":"https:\/\/www.caririemacao.com\/1\/wp-json\/wp\/v2\/comments?post=128295"}],"version-history":[{"count":1,"href":"https:\/\/www.caririemacao.com\/1\/wp-json\/wp\/v2\/posts\/128295\/revisions"}],"predecessor-version":[{"id":128297,"href":"https:\/\/www.caririemacao.com\/1\/wp-json\/wp\/v2\/posts\/128295\/revisions\/128297"}],"wp:featuredmedia":[{"embeddable":true,"href":"https:\/\/www.caririemacao.com\/1\/wp-json\/wp\/v2\/media\/110547"}],"wp:attachment":[{"href":"https:\/\/www.caririemacao.com\/1\/wp-json\/wp\/v2\/media?parent=128295"}],"wp:term":[{"taxonomy":"category","embeddable":true,"href":"https:\/\/www.caririemacao.com\/1\/wp-json\/wp\/v2\/categories?post=128295"},{"taxonomy":"post_tag","embeddable":true,"href":"https:\/\/www.caririemacao.com\/1\/wp-json\/wp\/v2\/tags?post=128295"}],"curies":[{"name":"wp","href":"https:\/\/api.w.org\/{rel}","templated":true}]}}