{"id":128320,"date":"2019-10-20T09:02:17","date_gmt":"2019-10-20T12:02:17","guid":{"rendered":"http:\/\/www.caririemacao.com\/1\/?p=128320"},"modified":"2019-10-20T09:02:17","modified_gmt":"2019-10-20T12:02:17","slug":"semana-nacional-de-ciencia-e-tecnologia-comeca-nesta-segunda-feira","status":"publish","type":"post","link":"https:\/\/www.caririemacao.com\/1\/2019\/10\/20\/semana-nacional-de-ciencia-e-tecnologia-comeca-nesta-segunda-feira\/","title":{"rendered":"Semana Nacional de Ci\u00eancia e Tecnologia come\u00e7a nesta segunda-feira"},"content":{"rendered":"\n<p>Come\u00e7a amanh\u00e3 (21) a 16\u00aa Semana Nacional de Ci\u00eancia e Tecnologia (SNCT), que promover\u00e1 eventos em todo o Brasil com o objetivo de dar visibilidade \u00e0s descobertas e inova\u00e7\u00f5es produzidas por institui\u00e7\u00f5es nacionais de pesquisa. A ideia \u00e9 popularizar esse tipo de conhecimento, muitas vezes restrito a acad\u00eamicos, para os cidad\u00e3os, especialmente os mais jovens.<\/p>\n\n\n\n<p>A SNCT \u00e9 uma iniciativa do Minist\u00e9rio da Ci\u00eancia, Tecnologia, Inova\u00e7\u00f5es e Comunica\u00e7\u00f5es (MCTIC), em parceria com secretarias da \u00e1rea nos estados e munic\u00edpios, al\u00e9m de universidades, escolas e institui\u00e7\u00f5es de ensino e pesquisa.<\/p>\n\n\n\n<p>Neste ano, a SNCT ter\u00e1 como tema \u201c<a href=\"http:\/\/agenciabrasil.ebc.com.br\/geral\/noticia\/2019-10\/bioeconomia-e-tema-da-semana-nacional-de-ciencia-e-tecnologia\" target=\"_blank\" rel=\"noreferrer noopener\">Bioeconomia<\/a>: diversidade e riqueza para o desenvolvimento sustent\u00e1vel\u201d. A cada ano, um assunto \u00e9 escolhido como forma de orientar as atividades e voltar a aten\u00e7\u00e3o para problemas relacionados. De acordo com o MCTIC, o tema foi escolhido pela import\u00e2ncia do fomento a projetos voltados a estimular o desenvolvimento sustent\u00e1vel em diversos campos, como biotecnologia industrial, sa\u00fade e agronomia, entre outros.<\/p>\n\n\n\n<p>At\u00e9 domingo (27), mais de 5,2 mil atividades devem ser promovidas por 172 institui\u00e7\u00f5es ligadas aos governos federal, estaduais e municipais, escolas, centros de pesquisa e entidades da sociedade civil. Ao todo, os eventos preparados para a semana ser\u00e3o realizados em 278 munic\u00edpios, em 23 estados e no Distrito Federal.<\/p>\n\n\n\n<p>Para conhecer a programa\u00e7\u00e3o, busque mais informa\u00e7\u00f5es na p\u00e1gina do evento, no<em>&nbsp;<a href=\"https:\/\/snct.mctic.gov.br\/\" target=\"_blank\" rel=\"noreferrer noopener\">site<\/a><\/em><a href=\"https:\/\/snct.mctic.gov.br\/\" target=\"_blank\" rel=\"noreferrer noopener\">&nbsp;do MCTIC<\/a>&nbsp;.<\/p>\n\n\n\n<p>Em Bras\u00edlia, ser\u00e1 montada a \u201cAvenida da Ci\u00eancia\u201d na regi\u00e3o central da cidade. Em mais de 21 mil metros quadrados, 180 expositores v\u00e3o apresentar a ci\u00eancia de diversas formas, como aeronaves, ve\u00edculos, m\u00e1quinas e laborat\u00f3rios. Tamb\u00e9m ser\u00e3o oferecidas aulas e oficinas sobre diversos temas, como constru\u00e7\u00e3o de foguetes e rob\u00f3tica.<\/p>\n\n\n\n<h2 class=\"wp-block-heading\">M\u00eas nacional<\/h2>\n\n\n\n<p>O minist\u00e9rio decidiu expandir as atividades da semana, e o governo federal denominou outubro como o M\u00eas Nacional da Ci\u00eancia, Tecnologia, Inova\u00e7\u00f5es e Comunica\u00e7\u00f5es, celebra\u00e7\u00e3o que ser\u00e1 realizada daqui para a frente pelo Executivo. A defini\u00e7\u00e3o ser\u00e1 realizada por meio de decreto a ser publicado pela Presid\u00eancia da Rep\u00fablica \u201cem breve\u201d, segundo o minist\u00e9rio.<\/p>\n\n\n\n<p>De acordo com a pasta, em comunicado oficial em seu&nbsp;<em>site<\/em>, o m\u00eas nacional ter\u00e1 como prop\u00f3sito \u201cmobilizar a popula\u00e7\u00e3o, em especial crian\u00e7as e jovens, em torno de temas e atividades da \u00e1rea, valorizando a criatividade, a atitude cient\u00edfica a inova\u00e7\u00e3o e a comunica\u00e7\u00e3o\u201d.<\/p>\n","protected":false},"excerpt":{"rendered":"<p>Come\u00e7a amanh\u00e3 (21) a 16\u00aa Semana Nacional de Ci\u00eancia e Tecnologia (SNCT), que promover\u00e1 eventos em todo o Brasil com o objetivo de dar visibilidade&hellip; <\/p>\n","protected":false},"author":1,"featured_media":128322,"comment_status":"closed","ping_status":"closed","sticky":false,"template":"","format":"standard","meta":{"sfsi_plus_gutenberg_text_before_share":"","sfsi_plus_gutenberg_show_text_before_share":"","sfsi_plus_gutenberg_icon_type":"","sfsi_plus_gutenberg_icon_alignemt":"","sfsi_plus_gutenburg_max_per_row":"","footnotes":""},"categories":[2],"tags":[],"class_list":["post-128320","post","type-post","status-publish","format-standard","has-post-thumbnail","hentry","category-geral"],"_links":{"self":[{"href":"https:\/\/www.caririemacao.com\/1\/wp-json\/wp\/v2\/posts\/128320","targetHints":{"allow":["GET"]}}],"collection":[{"href":"https:\/\/www.caririemacao.com\/1\/wp-json\/wp\/v2\/posts"}],"about":[{"href":"https:\/\/www.caririemacao.com\/1\/wp-json\/wp\/v2\/types\/post"}],"author":[{"embeddable":true,"href":"https:\/\/www.caririemacao.com\/1\/wp-json\/wp\/v2\/users\/1"}],"replies":[{"embeddable":true,"href":"https:\/\/www.caririemacao.com\/1\/wp-json\/wp\/v2\/comments?post=128320"}],"version-history":[{"count":1,"href":"https:\/\/www.caririemacao.com\/1\/wp-json\/wp\/v2\/posts\/128320\/revisions"}],"predecessor-version":[{"id":128323,"href":"https:\/\/www.caririemacao.com\/1\/wp-json\/wp\/v2\/posts\/128320\/revisions\/128323"}],"wp:featuredmedia":[{"embeddable":true,"href":"https:\/\/www.caririemacao.com\/1\/wp-json\/wp\/v2\/media\/128322"}],"wp:attachment":[{"href":"https:\/\/www.caririemacao.com\/1\/wp-json\/wp\/v2\/media?parent=128320"}],"wp:term":[{"taxonomy":"category","embeddable":true,"href":"https:\/\/www.caririemacao.com\/1\/wp-json\/wp\/v2\/categories?post=128320"},{"taxonomy":"post_tag","embeddable":true,"href":"https:\/\/www.caririemacao.com\/1\/wp-json\/wp\/v2\/tags?post=128320"}],"curies":[{"name":"wp","href":"https:\/\/api.w.org\/{rel}","templated":true}]}}