{"id":128329,"date":"2019-10-20T09:04:28","date_gmt":"2019-10-20T12:04:28","guid":{"rendered":"http:\/\/www.caririemacao.com\/1\/?p=128329"},"modified":"2019-10-20T09:04:28","modified_gmt":"2019-10-20T12:04:28","slug":"brasil-depende-de-medidas-internas-para-driblar-desaceleracao-global","status":"publish","type":"post","link":"https:\/\/www.caririemacao.com\/1\/2019\/10\/20\/brasil-depende-de-medidas-internas-para-driblar-desaceleracao-global\/","title":{"rendered":"Brasil depende de medidas internas para driblar desacelera\u00e7\u00e3o global"},"content":{"rendered":"\n<p>A desacelera\u00e7\u00e3o da economia global em 2019 e em 2020 impor\u00e1 desafios a todos os pa\u00edses. O Brasil, no entanto, pode minimizar os efeitos da retra\u00e7\u00e3o se prosseguir com medidas internas. Segundo economistas, o pa\u00eds precisa executar a\u00e7\u00f5es que v\u00e3o da continuidade das reformas estruturais a medidas de est\u00edmulo da demanda, para que a recupera\u00e7\u00e3o econ\u00f4mica n\u00e3o seja afetada.<\/p>\n\n\n\n<p>Na semana passada, o Fundo Monet\u00e1rio Internacional (FMI) reduziu,&nbsp;<a href=\"http:\/\/agenciabrasil.ebc.com.br\/internacional\/noticia\/2019-10\/fmi-reduz-para-3-previsao-de-crescimento-da-economia-mundial-em-2019\" target=\"_blank\" rel=\"noreferrer noopener\">de 3,2% para 3%<\/a>, a previs\u00e3o de crescimento da economia mundial em 2019. O fundo tamb\u00e9m revisou para baixo a estimativa de 2020: de 3,5% para 3,4%. Desde 2017, quando a economia global cresceu 3,8%, o mundo vem passando por uma desacelera\u00e7\u00e3o.<\/p>\n\n\n\n<p>Para o Brasil, o FMI ajustou a previs\u00e3o de crescimento econ\u00f4mico em 2019 de 0,8% para 0,9%. No in\u00edcio do ano, a estimativa estava em 2,5%. Para 2020, o cen\u00e1rio para a economia brasileira deve ser melhor, mas o organismo internacional reduziu a proje\u00e7\u00e3o de crescimento de 2,4% para 2%.<\/p>\n\n\n\n<h2 class=\"wp-block-heading\">Reformas<\/h2>\n\n\n\n<p>Professor do Ibmec e economista da \u00d3rama Distribuidora de T\u00edtulos e Valores Mobili\u00e1rios, Alexandre Esp\u00edrito Santo diz que o Brasil pode sair relativamente ileso da desacelera\u00e7\u00e3o global se prosseguir com a agenda de reformas ap\u00f3s a aprova\u00e7\u00e3o da reforma da Previd\u00eancia.<\/p>\n\n\n\n<p>\u201cO pr\u00f3prio FMI destacou, no relat\u00f3rio, que somente a reforma da Previd\u00eancia n\u00e3o basta para garantir a sustentabilidade da economia do pa\u00eds. O pa\u00eds precisa prosseguir com as reformas tribut\u00e1ria e administrativa para reduzir os gastos p\u00fablicos e modernizar o Estado.\u201d, diz Alexandre.<\/p>\n\n\n\n<p>Segundo o economista da \u00d3rama, dois fatores externos dar\u00e3o vantagem ao Brasil no pr\u00f3ximo ano. O primeiro s\u00e3o os juros baixos em todo o planeta, o que deve continuar a atrair parte do capital financeiro para o pa\u00eds, mesmo com a taxa Selic \u2013 juros b\u00e1sicos da economia \u2013 no menor n\u00edvel da hist\u00f3ria. O segundo \u00e9 a instabilidade em pa\u00edses emergentes, como Argentina, o M\u00e9xico e a Turquia, que, na avalia\u00e7\u00e3o dele, atravessam situa\u00e7\u00f5es mais complicadas que o Brasil.<\/p>\n\n\n\n<p>\u201cO Brasil continua atraente para investimentos internacionais, seja no mercado financeiro, seja nos investimentos diretos [de empresas], mesmo com um cen\u00e1rio externo mais dif\u00edcil em 2020. Mas tudo depende de o pa\u00eds fazer o dever de casa e seguir com as reformas internas\u201d, destaca.<\/p>\n\n\n\n<h2 class=\"wp-block-heading\">Demanda<\/h2>\n\n\n\n<p>Professor da Universidade Federal Fluminense e especialista em economia internacional, Andr\u00e9 Nassif diz que o Brasil precisa tomar medidas internas. Ele, no entanto, diverge do diagn\u00f3stico do FMI de que apenas as reformas bastam para impedir o desaquecimento da economia brasileira no pr\u00f3ximo ano.<\/p>\n\n\n\n<p>\u201cO governo precisa ir al\u00e9m das reformas e encontrar algum mecanismo na pol\u00edtica fiscal que permita a retomada dos investimentos p\u00fablicos, que geram emprego em um primeiro momento, e da demanda agregada\u201d, diz Nassif. Segundo ele, uma das op\u00e7\u00f5es poderia ser a retirada dos investimentos p\u00fablicos do teto federal de gastos, mas ele acha que o governo deveria estudar alternativas.<\/p>\n\n\n\n<p>\u201cAs medidas tomadas at\u00e9 agora, como os saques do FGTS [Fundo de Garantia do Tempo de Servi\u00e7o] e a redu\u00e7\u00e3o de juros pela Caixa Econ\u00f4mica, t\u00eam f\u00f4lego pequeno para reativar a economia. S\u00e3o necess\u00e1rias a\u00e7\u00f5es mais profundas para estimular a demanda\u201d, aconselha.<\/p>\n\n\n\n<h2 class=\"wp-block-heading\">Estados Unidos<\/h2>\n\n\n\n<p>O relat\u00f3rio do FMI ainda n\u00e3o contemplou os impactos de uma eventual recess\u00e3o dos Estados Unidos na economia mundial. Diversos indicadores t\u00eam mostrado a desacelera\u00e7\u00e3o da maior economia do planeta nos \u00faltimos meses, em meio ao agravamento das tens\u00f5es comerciais com a China. Para Nassif, essa ser\u00e1 a principal preocupa\u00e7\u00e3o externa no pr\u00f3ximo ano. \u201cA pol\u00edtica de confronta\u00e7\u00e3o do Trump pode jogar os Estados Unidos na recess\u00e3o. A\u00ed ser\u00e1 complicado para todos os pa\u00edses.<\/p>\n\n\n\n<p>Alexandre Esp\u00edrito Santo, da \u00d3rama, diz n\u00e3o enxergar os riscos imediatos de uma recess\u00e3o norte-americana. \u201cNossos relat\u00f3rios mostram a economia dos Estados Unidos rodando num ritmo mais lento, mas n\u00e3o a ponto de entrar em recess\u00e3o, como na crise de 2008 e 2009. A desacelera\u00e7\u00e3o global apontada pelo FMI deve-se muito mais \u00e0 estagna\u00e7\u00e3o de v\u00e1rias economias europeias e do Jap\u00e3o, al\u00e9m da desacelera\u00e7\u00e3o da China\u201d, comenta.<\/p>\n","protected":false},"excerpt":{"rendered":"<p>A desacelera\u00e7\u00e3o da economia global em 2019 e em 2020 impor\u00e1 desafios a todos os pa\u00edses. O Brasil, no entanto, pode minimizar os efeitos da&hellip; <\/p>\n","protected":false},"author":1,"featured_media":112653,"comment_status":"closed","ping_status":"closed","sticky":false,"template":"","format":"standard","meta":{"sfsi_plus_gutenberg_text_before_share":"","sfsi_plus_gutenberg_show_text_before_share":"","sfsi_plus_gutenberg_icon_type":"","sfsi_plus_gutenberg_icon_alignemt":"","sfsi_plus_gutenburg_max_per_row":"","footnotes":""},"categories":[2],"tags":[],"class_list":["post-128329","post","type-post","status-publish","format-standard","has-post-thumbnail","hentry","category-geral"],"_links":{"self":[{"href":"https:\/\/www.caririemacao.com\/1\/wp-json\/wp\/v2\/posts\/128329","targetHints":{"allow":["GET"]}}],"collection":[{"href":"https:\/\/www.caririemacao.com\/1\/wp-json\/wp\/v2\/posts"}],"about":[{"href":"https:\/\/www.caririemacao.com\/1\/wp-json\/wp\/v2\/types\/post"}],"author":[{"embeddable":true,"href":"https:\/\/www.caririemacao.com\/1\/wp-json\/wp\/v2\/users\/1"}],"replies":[{"embeddable":true,"href":"https:\/\/www.caririemacao.com\/1\/wp-json\/wp\/v2\/comments?post=128329"}],"version-history":[{"count":1,"href":"https:\/\/www.caririemacao.com\/1\/wp-json\/wp\/v2\/posts\/128329\/revisions"}],"predecessor-version":[{"id":128333,"href":"https:\/\/www.caririemacao.com\/1\/wp-json\/wp\/v2\/posts\/128329\/revisions\/128333"}],"wp:featuredmedia":[{"embeddable":true,"href":"https:\/\/www.caririemacao.com\/1\/wp-json\/wp\/v2\/media\/112653"}],"wp:attachment":[{"href":"https:\/\/www.caririemacao.com\/1\/wp-json\/wp\/v2\/media?parent=128329"}],"wp:term":[{"taxonomy":"category","embeddable":true,"href":"https:\/\/www.caririemacao.com\/1\/wp-json\/wp\/v2\/categories?post=128329"},{"taxonomy":"post_tag","embeddable":true,"href":"https:\/\/www.caririemacao.com\/1\/wp-json\/wp\/v2\/tags?post=128329"}],"curies":[{"name":"wp","href":"https:\/\/api.w.org\/{rel}","templated":true}]}}