{"id":128353,"date":"2019-10-20T09:08:56","date_gmt":"2019-10-20T12:08:56","guid":{"rendered":"http:\/\/www.caririemacao.com\/1\/?p=128353"},"modified":"2019-10-20T09:08:56","modified_gmt":"2019-10-20T12:08:56","slug":"bolsa-familia-completa-renda-de-135-milhoes-de-familias-em-outubro","status":"publish","type":"post","link":"https:\/\/www.caririemacao.com\/1\/2019\/10\/20\/bolsa-familia-completa-renda-de-135-milhoes-de-familias-em-outubro\/","title":{"rendered":"Bolsa Fam\u00edlia completa renda de 13,5 milh\u00f5es de fam\u00edlias em outubro"},"content":{"rendered":"\n<p> O minist\u00e9rio da Cidadania anunciou na tarde de ontem (18) que 13,5 milh\u00f5es de fam\u00edlias ter\u00e3o direito ao cr\u00e9dito do programa Bolsa Fam\u00edlia no m\u00eas de outubro. Benefici\u00e1rios do programa que est\u00e3o em situa\u00e7\u00e3o regular de cadastro t\u00eam at\u00e9 90 dias para efetuar o saque.<\/p>\n\n\n\n<p>O Bolsa Fam\u00edlia \u00e9 um programa de transfer\u00eancia direta de renda para as fam\u00edlias registradas no Cadastro \u00danico para Programas Sociais do Governo Federal (Cad\u00danico). A iniciativa \u00e9 voltada para fam\u00edlias pobres ou extremamente pobres, que ocupam uma faixa de renda mensal de at\u00e9 R$ 178 por pessoa.<\/p>\n\n\n\n<p>As regras do programa exigem, ainda, que crian\u00e7as de 0 a 7 anos estejam com o cart\u00e3o de vacina\u00e7\u00e3o em dia. Para fam\u00edlias com adolescentes, a frequ\u00eancia na escola tamb\u00e9m \u00e9 um requisito. Pelo menos 85% de presen\u00e7a nos dias letivos para a faixa et\u00e1ria de 6 a 15 anos, e 75% para jovens de 16 a 17 anos.<\/p>\n\n\n\n<h2 class=\"wp-block-heading\">13\u00aa parcela<\/h2>\n\n\n\n<p>O presidente Jair Bolsonaro enviou ao Congresso uma medida provis\u00f3ria (MP) no dia 15 de outubro que prev\u00ea o pagamento de uma 13\u00aa parcela do benef\u00edcio &#8211; uma de suas plataformas de campanha em 2018 -. &#8220;N\u00f3s sabemos que pode ser at\u00e9 pouco para quem recebe, mas pelo que eles t\u00eam, \u00e9 muito bem-vindo esse recurso&#8221;, relatou o presidente durante a assinatura da MP.<\/p>\n\n\n\n<p>De acordo com o ministro da Cidadania, Osmar Terra, o benef\u00edcio ser\u00e1 fixo a partir do ano que vem, onde dever\u00e1 ser previamente alocado na previs\u00e3o do Or\u00e7amento.<\/p>\n\n\n\n<p>\u00c9 poss\u00edvel tirar d\u00favidas e se informar sobre o programa atrav\u00e9s do telefone 0800 707 2003, servi\u00e7o mantido pelo minist\u00e9rio da Cidadania.<\/p>\n","protected":false},"excerpt":{"rendered":"<p>O minist\u00e9rio da Cidadania anunciou na tarde de ontem (18) que 13,5 milh\u00f5es de fam\u00edlias ter\u00e3o direito ao cr\u00e9dito do programa Bolsa Fam\u00edlia no m\u00eas&hellip; <\/p>\n","protected":false},"author":1,"featured_media":128354,"comment_status":"closed","ping_status":"closed","sticky":false,"template":"","format":"standard","meta":{"sfsi_plus_gutenberg_text_before_share":"","sfsi_plus_gutenberg_show_text_before_share":"","sfsi_plus_gutenberg_icon_type":"","sfsi_plus_gutenberg_icon_alignemt":"","sfsi_plus_gutenburg_max_per_row":"","footnotes":""},"categories":[2],"tags":[],"class_list":["post-128353","post","type-post","status-publish","format-standard","has-post-thumbnail","hentry","category-geral"],"_links":{"self":[{"href":"https:\/\/www.caririemacao.com\/1\/wp-json\/wp\/v2\/posts\/128353","targetHints":{"allow":["GET"]}}],"collection":[{"href":"https:\/\/www.caririemacao.com\/1\/wp-json\/wp\/v2\/posts"}],"about":[{"href":"https:\/\/www.caririemacao.com\/1\/wp-json\/wp\/v2\/types\/post"}],"author":[{"embeddable":true,"href":"https:\/\/www.caririemacao.com\/1\/wp-json\/wp\/v2\/users\/1"}],"replies":[{"embeddable":true,"href":"https:\/\/www.caririemacao.com\/1\/wp-json\/wp\/v2\/comments?post=128353"}],"version-history":[{"count":1,"href":"https:\/\/www.caririemacao.com\/1\/wp-json\/wp\/v2\/posts\/128353\/revisions"}],"predecessor-version":[{"id":128355,"href":"https:\/\/www.caririemacao.com\/1\/wp-json\/wp\/v2\/posts\/128353\/revisions\/128355"}],"wp:featuredmedia":[{"embeddable":true,"href":"https:\/\/www.caririemacao.com\/1\/wp-json\/wp\/v2\/media\/128354"}],"wp:attachment":[{"href":"https:\/\/www.caririemacao.com\/1\/wp-json\/wp\/v2\/media?parent=128353"}],"wp:term":[{"taxonomy":"category","embeddable":true,"href":"https:\/\/www.caririemacao.com\/1\/wp-json\/wp\/v2\/categories?post=128353"},{"taxonomy":"post_tag","embeddable":true,"href":"https:\/\/www.caririemacao.com\/1\/wp-json\/wp\/v2\/tags?post=128353"}],"curies":[{"name":"wp","href":"https:\/\/api.w.org\/{rel}","templated":true}]}}