{"id":128383,"date":"2019-10-20T12:18:58","date_gmt":"2019-10-20T15:18:58","guid":{"rendered":"http:\/\/www.caririemacao.com\/1\/?p=128383"},"modified":"2019-10-20T12:18:58","modified_gmt":"2019-10-20T15:18:58","slug":"morre-quarto-bombeiro-que-combateu-incendio-em-boate-no-rio","status":"publish","type":"post","link":"https:\/\/www.caririemacao.com\/1\/2019\/10\/20\/morre-quarto-bombeiro-que-combateu-incendio-em-boate-no-rio\/","title":{"rendered":"Morre quarto bombeiro que combateu inc\u00eandio em boate no Rio"},"content":{"rendered":"\n<p> O Corpo de Bombeiros Militar do Rio de Janeiro (CBMERJ) confirmou a morte do primeiro-sargento Rafael Magalh\u00e3es Frauches Alves, ocorrida na madrugada de\u00a0hoje\u00a0(20). Ele estava internado em estado grave no hospital central Aristarcho Pessoa, no Rio Comprido, que pertence \u00e0 corpora\u00e7\u00e3o.<\/p>\n\n\n\n<p>Alves foi um dos bombeiros que inalou fuma\u00e7a t\u00f3xica no combate ao inc\u00eandio em uma&nbsp;<a href=\"http:\/\/agenciabrasil.ebc.com.br\/geral\/noticia\/2019-10\/defesa-civil-interdita-predio-whiskeria-quatro-por-quatro-no-rio\" target=\"_blank\" rel=\"noreferrer noopener\">casa noturna no centro do Rio&nbsp;de Janeiro<\/a>, na&nbsp;sexta-feira (18).<\/p>\n\n\n\n<p>Permanece internado o capit\u00e3o David Mont`serrat V. da Cunha, em estado est\u00e1vel. O terceiro bombeiro que foi internado, o capit\u00e3o Thiago Agostinho, j\u00e1 recebeu alta. Equipes de assistentes sociais est\u00e3o prestando atendimento aos familiares das v\u00edtimas.<\/p>\n\n\n\n<p>Os tr\u00eas bombeiros que morreram na sexta-feira&nbsp;<a href=\"http:\/\/agenciabrasil.ebc.com.br\/geral\/noticia\/2019-10\/bombeiros-que-morreram-em-incendio-no-rio-serao-enterrados-hoje\" target=\"_blank\" rel=\"noreferrer noopener\">foram enterrados<\/a>&nbsp;ontem. O corpo do segundo-sargento Geraldo Ribeiro foi enterrado no mausol\u00e9u da corpora\u00e7\u00e3o, no Cemit\u00e9rio S\u00e3o Francisco Xavier, no Caju, zona portu\u00e1ria do Rio. O corpo do cabo Kl\u00e9rton de Ara\u00fajo foi enterrado no Cemit\u00e9rio Jardim da Saudade, na Sulacap, zona oeste da cidade, mesmo local do sepultamento do corpo do cabo Jos\u00e9 Pereira Neto.<\/p>\n\n\n\n<p>O CBMERJ informa que vai abrir uma sindic\u00e2ncia para apurar as causas do acidente e est\u00e1 de luto pela fatalidade.<\/p>\n","protected":false},"excerpt":{"rendered":"<p>O Corpo de Bombeiros Militar do Rio de Janeiro (CBMERJ) confirmou a morte do primeiro-sargento Rafael Magalh\u00e3es Frauches Alves, ocorrida na madrugada de\u00a0hoje\u00a0(20). Ele estava&hellip; <\/p>\n","protected":false},"author":1,"featured_media":128385,"comment_status":"closed","ping_status":"closed","sticky":false,"template":"","format":"standard","meta":{"sfsi_plus_gutenberg_text_before_share":"","sfsi_plus_gutenberg_show_text_before_share":"","sfsi_plus_gutenberg_icon_type":"","sfsi_plus_gutenberg_icon_alignemt":"","sfsi_plus_gutenburg_max_per_row":"","footnotes":""},"categories":[2],"tags":[],"class_list":["post-128383","post","type-post","status-publish","format-standard","has-post-thumbnail","hentry","category-geral"],"_links":{"self":[{"href":"https:\/\/www.caririemacao.com\/1\/wp-json\/wp\/v2\/posts\/128383","targetHints":{"allow":["GET"]}}],"collection":[{"href":"https:\/\/www.caririemacao.com\/1\/wp-json\/wp\/v2\/posts"}],"about":[{"href":"https:\/\/www.caririemacao.com\/1\/wp-json\/wp\/v2\/types\/post"}],"author":[{"embeddable":true,"href":"https:\/\/www.caririemacao.com\/1\/wp-json\/wp\/v2\/users\/1"}],"replies":[{"embeddable":true,"href":"https:\/\/www.caririemacao.com\/1\/wp-json\/wp\/v2\/comments?post=128383"}],"version-history":[{"count":1,"href":"https:\/\/www.caririemacao.com\/1\/wp-json\/wp\/v2\/posts\/128383\/revisions"}],"predecessor-version":[{"id":128386,"href":"https:\/\/www.caririemacao.com\/1\/wp-json\/wp\/v2\/posts\/128383\/revisions\/128386"}],"wp:featuredmedia":[{"embeddable":true,"href":"https:\/\/www.caririemacao.com\/1\/wp-json\/wp\/v2\/media\/128385"}],"wp:attachment":[{"href":"https:\/\/www.caririemacao.com\/1\/wp-json\/wp\/v2\/media?parent=128383"}],"wp:term":[{"taxonomy":"category","embeddable":true,"href":"https:\/\/www.caririemacao.com\/1\/wp-json\/wp\/v2\/categories?post=128383"},{"taxonomy":"post_tag","embeddable":true,"href":"https:\/\/www.caririemacao.com\/1\/wp-json\/wp\/v2\/tags?post=128383"}],"curies":[{"name":"wp","href":"https:\/\/api.w.org\/{rel}","templated":true}]}}