{"id":128465,"date":"2019-10-20T14:34:24","date_gmt":"2019-10-20T17:34:24","guid":{"rendered":"http:\/\/www.caririemacao.com\/1\/?p=128465"},"modified":"2019-10-20T14:34:24","modified_gmt":"2019-10-20T17:34:24","slug":"camara-municipal-realiza-2a-sessao-na-zona-rural-de-congo","status":"publish","type":"post","link":"https:\/\/www.caririemacao.com\/1\/2019\/10\/20\/camara-municipal-realiza-2a-sessao-na-zona-rural-de-congo\/","title":{"rendered":"C\u00e2mara Municipal realiza 2\u00aa Sess\u00e3o na zona rural de Congo"},"content":{"rendered":"\n<p>A segunda sess\u00e3o do projeto <strong>C\u00e2mara Itinerant<\/strong>e organizada pela C\u00e2mara Municipal de Congo foi promovida na comunidade de Santa Rita de Cima. A reuni\u00e3o aconteceu na noite desta quinta-feira, na sede da Associa\u00e7\u00e3o dos Pequenos Produtores Rurais de Riacho do Algod\u00e3o e Santa Rita.<\/p>\n\n\n\n<figure class=\"wp-block-image\"><img fetchpriority=\"high\" decoding=\"async\" width=\"1024\" height=\"678\" src=\"http:\/\/www.caririemacao.com\/1\/wp-content\/uploads\/2019\/10\/DSC_0034-1024x678.jpg\" alt=\"\" class=\"wp-image-128467\" srcset=\"https:\/\/www.caririemacao.com\/1\/wp-content\/uploads\/2019\/10\/DSC_0034-1024x678.jpg 1024w, https:\/\/www.caririemacao.com\/1\/wp-content\/uploads\/2019\/10\/DSC_0034-300x199.jpg 300w, https:\/\/www.caririemacao.com\/1\/wp-content\/uploads\/2019\/10\/DSC_0034-768x509.jpg 768w, https:\/\/www.caririemacao.com\/1\/wp-content\/uploads\/2019\/10\/DSC_0034.jpg 1280w\" sizes=\"(max-width: 1024px) 100vw, 1024px\" \/><\/figure>\n\n\n\n<p>A sess\u00e3o contou com a presen\u00e7a de oito vereadores, com aus\u00eancia do vereador Basti\u00e3o, dos moradores da comunidades e de secret\u00e1rios municipais e da esposa do Dr. Romualdo, ex-prefeito, Fl\u00e1via Quirino.<\/p>\n\n\n\n<figure class=\"wp-block-image\"><img decoding=\"async\" width=\"1024\" height=\"678\" data-src=\"http:\/\/www.caririemacao.com\/1\/wp-content\/uploads\/2019\/10\/DSC_0126-1024x678.jpg\" alt=\"\" class=\"wp-image-128468 lazyload\" data-srcset=\"https:\/\/www.caririemacao.com\/1\/wp-content\/uploads\/2019\/10\/DSC_0126-1024x678.jpg 1024w, https:\/\/www.caririemacao.com\/1\/wp-content\/uploads\/2019\/10\/DSC_0126-300x199.jpg 300w, https:\/\/www.caririemacao.com\/1\/wp-content\/uploads\/2019\/10\/DSC_0126-768x509.jpg 768w, https:\/\/www.caririemacao.com\/1\/wp-content\/uploads\/2019\/10\/DSC_0126.jpg 1280w\" data-sizes=\"(max-width: 1024px) 100vw, 1024px\" src=\"data:image\/svg+xml;base64,PHN2ZyB3aWR0aD0iMSIgaGVpZ2h0PSIxIiB4bWxucz0iaHR0cDovL3d3dy53My5vcmcvMjAwMC9zdmciPjwvc3ZnPg==\" style=\"--smush-placeholder-width: 1024px; --smush-placeholder-aspect-ratio: 1024\/678;\" \/><\/figure>\n\n\n\n<p>Durante a sess\u00e3o, a presidente da associa\u00e7\u00e3o local, a senhora Andreia de Amurim da Silva, representando os demais moradores, destacou a iniciativa dos vereadores em realizar uma reuni\u00e3o na comunidade para ouvir as demandas da popula\u00e7\u00e3o.<\/p>\n\n\n\n<figure class=\"wp-block-image\"><img decoding=\"async\" width=\"1024\" height=\"678\" data-src=\"http:\/\/www.caririemacao.com\/1\/wp-content\/uploads\/2019\/10\/DSC_0104-1024x678.jpg\" alt=\"\" class=\"wp-image-128469 lazyload\" data-srcset=\"https:\/\/www.caririemacao.com\/1\/wp-content\/uploads\/2019\/10\/DSC_0104-1024x678.jpg 1024w, https:\/\/www.caririemacao.com\/1\/wp-content\/uploads\/2019\/10\/DSC_0104-300x199.jpg 300w, https:\/\/www.caririemacao.com\/1\/wp-content\/uploads\/2019\/10\/DSC_0104-768x509.jpg 768w, https:\/\/www.caririemacao.com\/1\/wp-content\/uploads\/2019\/10\/DSC_0104.jpg 1280w\" data-sizes=\"(max-width: 1024px) 100vw, 1024px\" src=\"data:image\/svg+xml;base64,PHN2ZyB3aWR0aD0iMSIgaGVpZ2h0PSIxIiB4bWxucz0iaHR0cDovL3d3dy53My5vcmcvMjAwMC9zdmciPjwvc3ZnPg==\" style=\"--smush-placeholder-width: 1024px; --smush-placeholder-aspect-ratio: 1024\/678;\" \/><\/figure>\n\n\n\n<p>O presidente Lenilson Bezerra agradeceu o espa\u00e7o cedido pela entidade e colocou em vota\u00e7\u00e3o quatro requerimentos e o projeto da Lei Or\u00e7ament\u00e1ria Anual, referente ao ano de 2020.<\/p>\n\n\n\n<figure class=\"wp-block-image\"><img decoding=\"async\" width=\"1024\" height=\"678\" data-src=\"http:\/\/www.caririemacao.com\/1\/wp-content\/uploads\/2019\/10\/DSC_0098-1024x678.jpg\" alt=\"\" class=\"wp-image-128470 lazyload\" data-srcset=\"https:\/\/www.caririemacao.com\/1\/wp-content\/uploads\/2019\/10\/DSC_0098-1024x678.jpg 1024w, https:\/\/www.caririemacao.com\/1\/wp-content\/uploads\/2019\/10\/DSC_0098-300x199.jpg 300w, https:\/\/www.caririemacao.com\/1\/wp-content\/uploads\/2019\/10\/DSC_0098-768x509.jpg 768w, https:\/\/www.caririemacao.com\/1\/wp-content\/uploads\/2019\/10\/DSC_0098.jpg 1280w\" data-sizes=\"(max-width: 1024px) 100vw, 1024px\" src=\"data:image\/svg+xml;base64,PHN2ZyB3aWR0aD0iMSIgaGVpZ2h0PSIxIiB4bWxucz0iaHR0cDovL3d3dy53My5vcmcvMjAwMC9zdmciPjwvc3ZnPg==\" style=\"--smush-placeholder-width: 1024px; --smush-placeholder-aspect-ratio: 1024\/678;\" \/><\/figure>\n\n\n\n<p>O vereador Aderaldo Pereira defendeu seu requerimento que\npediu a implanta\u00e7\u00e3o de uma antena para recep\u00e7\u00e3o de celular na comunidade Santa\nRita de Cima. \u201c\u00c9 de grande import\u00e2ncia para os moradores de Santa Rita de Cima\nque a prefeitura junto a Secretaria de Infraestrutura instale uma antena de\nrecep\u00e7\u00e3o de celular na comunidade Santa Rita de Cima para que os moradores\ntenham o direito de se comunicar com outras localidades\u201d, justificou.<\/p>\n\n\n\n<p>Aderaldo tamb\u00e9m pediu a implanta\u00e7\u00e3o de um mata burro na comunidade \u00c1gua Doce na estrada que d\u00e1 acesso ao assentamento sem-terra, no intuito de melhorar as condi\u00e7\u00f5es dos criadores de animais das localidades.<\/p>\n\n\n\n<figure class=\"wp-block-image\"><img decoding=\"async\" width=\"1024\" height=\"678\" data-src=\"http:\/\/www.caririemacao.com\/1\/wp-content\/uploads\/2019\/10\/DSC_0066-1024x678.jpg\" alt=\"\" class=\"wp-image-128471 lazyload\" data-srcset=\"https:\/\/www.caririemacao.com\/1\/wp-content\/uploads\/2019\/10\/DSC_0066-1024x678.jpg 1024w, https:\/\/www.caririemacao.com\/1\/wp-content\/uploads\/2019\/10\/DSC_0066-300x199.jpg 300w, https:\/\/www.caririemacao.com\/1\/wp-content\/uploads\/2019\/10\/DSC_0066-768x509.jpg 768w, https:\/\/www.caririemacao.com\/1\/wp-content\/uploads\/2019\/10\/DSC_0066.jpg 1280w\" data-sizes=\"(max-width: 1024px) 100vw, 1024px\" src=\"data:image\/svg+xml;base64,PHN2ZyB3aWR0aD0iMSIgaGVpZ2h0PSIxIiB4bWxucz0iaHR0cDovL3d3dy53My5vcmcvMjAwMC9zdmciPjwvc3ZnPg==\" style=\"--smush-placeholder-width: 1024px; --smush-placeholder-aspect-ratio: 1024\/678;\" \/><\/figure>\n\n\n\n<p>O vereador Fabiano Bolacha solicitou que seja feita a reforma da escola da Santa Rita de Cima, para acolher a equipe do PSF. \u201cOs moradores de Santa Rita de Cima precisam que a prefeitura fa\u00e7a a reforma da escola da Santa Rita de Cima para servir como local de atendimento \u00e0 equipe do PSF quando essa vier atender os moradores da comunidade.<\/p>\n\n\n\n<figure class=\"wp-block-image\"><img decoding=\"async\" width=\"1024\" height=\"678\" data-src=\"http:\/\/www.caririemacao.com\/1\/wp-content\/uploads\/2019\/10\/DSC_0003-1024x678.jpg\" alt=\"\" class=\"wp-image-128473 lazyload\" data-srcset=\"https:\/\/www.caririemacao.com\/1\/wp-content\/uploads\/2019\/10\/DSC_0003-1024x678.jpg 1024w, https:\/\/www.caririemacao.com\/1\/wp-content\/uploads\/2019\/10\/DSC_0003-300x199.jpg 300w, https:\/\/www.caririemacao.com\/1\/wp-content\/uploads\/2019\/10\/DSC_0003-768x509.jpg 768w, https:\/\/www.caririemacao.com\/1\/wp-content\/uploads\/2019\/10\/DSC_0003.jpg 1280w\" data-sizes=\"(max-width: 1024px) 100vw, 1024px\" src=\"data:image\/svg+xml;base64,PHN2ZyB3aWR0aD0iMSIgaGVpZ2h0PSIxIiB4bWxucz0iaHR0cDovL3d3dy53My5vcmcvMjAwMC9zdmciPjwvc3ZnPg==\" style=\"--smush-placeholder-width: 1024px; --smush-placeholder-aspect-ratio: 1024\/678;\" \/><\/figure>\n\n\n\n<p>O vereador Juc\u00e9lio Quintans solicitou a constru\u00e7\u00e3o de duas passagens molhada no Sitio Santa Rita de Cima, compreendendo riacho de Sr. Manoel Quidute e outra no Riacho dos Conegundes, para dar acesso a popula\u00e7\u00e3o desta comunidade no per\u00edodo de chuva, no intuito de tirar a popula\u00e7\u00e3o do isolamento, garantindo o direito de ir e vir.<\/p>\n\n\n\n<figure class=\"wp-block-image\"><img decoding=\"async\" width=\"1024\" height=\"678\" data-src=\"http:\/\/www.caririemacao.com\/1\/wp-content\/uploads\/2019\/10\/DSC_0044-1024x678.jpg\" alt=\"\" class=\"wp-image-128474 lazyload\" data-srcset=\"https:\/\/www.caririemacao.com\/1\/wp-content\/uploads\/2019\/10\/DSC_0044-1024x678.jpg 1024w, https:\/\/www.caririemacao.com\/1\/wp-content\/uploads\/2019\/10\/DSC_0044-300x199.jpg 300w, https:\/\/www.caririemacao.com\/1\/wp-content\/uploads\/2019\/10\/DSC_0044-768x509.jpg 768w, https:\/\/www.caririemacao.com\/1\/wp-content\/uploads\/2019\/10\/DSC_0044.jpg 1280w\" data-sizes=\"(max-width: 1024px) 100vw, 1024px\" src=\"data:image\/svg+xml;base64,PHN2ZyB3aWR0aD0iMSIgaGVpZ2h0PSIxIiB4bWxucz0iaHR0cDovL3d3dy53My5vcmcvMjAwMC9zdmciPjwvc3ZnPg==\" style=\"--smush-placeholder-width: 1024px; --smush-placeholder-aspect-ratio: 1024\/678;\" \/><\/figure>\n\n\n\n<p>Por \u00faltimo, foi aprovado, por unanimidade e em primeiro turno, o projeto da Lei Or\u00e7ament\u00e1ria Anual, referente ao ano de 2020, enviado pelo prefeito J\u00fanior Quirino, tendo a despesa or\u00e7ada em quase 24 milh\u00f5es de reais e uma Reserva de Conting\u00eancia estimada em 240 mil reais. O PL da LOA ainda ser\u00e1 votado em segundo turno, possivelmente j\u00e1 na pr\u00f3xima reuni\u00e3o.<\/p>\n\n\n\n<p><a href=\"https:\/\/www.facebook.com\/pg\/CaririEmAcao\/photos\/?tab=album&amp;album_id=1683065328496150\">CLIQUE AQUI VEJA TODAS AS FOTOS.<\/a><\/p>\n","protected":false},"excerpt":{"rendered":"<p>A segunda sess\u00e3o do projeto C\u00e2mara Itinerante organizada pela C\u00e2mara Municipal de Congo foi promovida na comunidade de Santa Rita de Cima. A reuni\u00e3o aconteceu&hellip; <\/p>\n","protected":false},"author":2,"featured_media":128466,"comment_status":"closed","ping_status":"closed","sticky":false,"template":"","format":"standard","meta":{"sfsi_plus_gutenberg_text_before_share":"","sfsi_plus_gutenberg_show_text_before_share":"","sfsi_plus_gutenberg_icon_type":"","sfsi_plus_gutenberg_icon_alignemt":"","sfsi_plus_gutenburg_max_per_row":"","footnotes":""},"categories":[6,50],"tags":[],"class_list":["post-128465","post","type-post","status-publish","format-standard","has-post-thumbnail","hentry","category-cidades","category-destaque"],"_links":{"self":[{"href":"https:\/\/www.caririemacao.com\/1\/wp-json\/wp\/v2\/posts\/128465","targetHints":{"allow":["GET"]}}],"collection":[{"href":"https:\/\/www.caririemacao.com\/1\/wp-json\/wp\/v2\/posts"}],"about":[{"href":"https:\/\/www.caririemacao.com\/1\/wp-json\/wp\/v2\/types\/post"}],"author":[{"embeddable":true,"href":"https:\/\/www.caririemacao.com\/1\/wp-json\/wp\/v2\/users\/2"}],"replies":[{"embeddable":true,"href":"https:\/\/www.caririemacao.com\/1\/wp-json\/wp\/v2\/comments?post=128465"}],"version-history":[{"count":2,"href":"https:\/\/www.caririemacao.com\/1\/wp-json\/wp\/v2\/posts\/128465\/revisions"}],"predecessor-version":[{"id":128475,"href":"https:\/\/www.caririemacao.com\/1\/wp-json\/wp\/v2\/posts\/128465\/revisions\/128475"}],"wp:featuredmedia":[{"embeddable":true,"href":"https:\/\/www.caririemacao.com\/1\/wp-json\/wp\/v2\/media\/128466"}],"wp:attachment":[{"href":"https:\/\/www.caririemacao.com\/1\/wp-json\/wp\/v2\/media?parent=128465"}],"wp:term":[{"taxonomy":"category","embeddable":true,"href":"https:\/\/www.caririemacao.com\/1\/wp-json\/wp\/v2\/categories?post=128465"},{"taxonomy":"post_tag","embeddable":true,"href":"https:\/\/www.caririemacao.com\/1\/wp-json\/wp\/v2\/tags?post=128465"}],"curies":[{"name":"wp","href":"https:\/\/api.w.org\/{rel}","templated":true}]}}