{"id":128476,"date":"2019-10-20T15:37:42","date_gmt":"2019-10-20T18:37:42","guid":{"rendered":"http:\/\/www.caririemacao.com\/1\/?p=128476"},"modified":"2019-10-20T15:37:42","modified_gmt":"2019-10-20T18:37:42","slug":"governo-reune-orgaos-e-secretarias-nesta-segunda-para-combater-manchas-de-oleo-nas-praias","status":"publish","type":"post","link":"https:\/\/www.caririemacao.com\/1\/2019\/10\/20\/governo-reune-orgaos-e-secretarias-nesta-segunda-para-combater-manchas-de-oleo-nas-praias\/","title":{"rendered":"Governo re\u00fane \u00f3rg\u00e3os e secretarias nesta segunda para combater manchas de \u00f3leo nas praias"},"content":{"rendered":"\n<p>O governador Jo\u00e3o Azev\u00eado se re\u00fane nesta ter\u00e7a-feira (22) com representantes de \u00f3rg\u00e3os e institui\u00e7\u00f5es ligadas ao meio ambiente \u2013 estadual e federal \u2013, bem como das prefeituras dos munic\u00edpios do Litoral paraibano, para discutir a situa\u00e7\u00e3o das manchas de \u00f3leo nas praias nordestinas e tra\u00e7ar estrat\u00e9gias de a\u00e7\u00f5es no caso da Para\u00edba ser atingida pelo problema. A reuni\u00e3o est\u00e1 prevista para as 9h, no Sal\u00e3o Azul do Pal\u00e1cio da Reden\u00e7\u00e3o.<\/p>\n\n\n\n<p>Participar\u00e3o da reuni\u00e3o as Secretarias de Estado da Infraestrutura e do Meio Ambiente e da Comunica\u00e7\u00e3o Institucional, Superintend\u00eancia de Administra\u00e7\u00e3o do Meio Ambiente (Sudema), Defesa Civil, Corpo de Bombeiros, Pol\u00edcia Militar, Gabinete Militar, Capitania dos Portos, 1\u00ba Grupamento de Engenharia, Minist\u00e9rio P\u00fablico Federal, Minist\u00e9rio P\u00fablico Estadual, Ibama, ICMBio e Petrobras, al\u00e9m das Prefeituras de&nbsp; Pitimbu, Conde, Jo\u00e3o Pessoa, Cabedelo, Lucena, Rio Tinto, Ba\u00eda da Trai\u00e7\u00e3o e Mataraca.<\/p>\n\n\n\n<p>Embora no momento n\u00e3o haja not\u00edcias de manchas de \u00f3leo e o litoral da Para\u00edba ter sido o menos afetado por esse desastre ambiental, tendo em vista a forma\u00e7\u00e3o das nossas correntes mar\u00edtimas, o Governo do Estado vem se preocupando com o agravamento da situa\u00e7\u00e3o nas praias do Nordeste, especialmente ap\u00f3s o aparecimento de novas manchas no litoral de Alagoas e Pernambuco.<\/p>\n\n\n\n<p>A Para\u00edba, inclusive, possui um grupo de trabalho, composto por representantes da Sudema, Capitania dos Portos, Ibama, ICMBio, Prefeituras de Conde, Cabedelo e Jo\u00e3o Pessoa, que faz acompanhamento e monitoramento di\u00e1rio do litoral, contando tamb\u00e9m com a colabora\u00e7\u00e3o dos donos de marinas, catamar\u00e3s e pescadores. Acompanhado por bi\u00f3logos, o grupo realizou mergulhos, nos dias 14, 15 e 16 deste m\u00eas, em \u00e1reas de corais constatando que n\u00e3o h\u00e1 manchas de \u00f3leo.<\/p>\n\n\n\n<p>Conforme relat\u00f3rio da Sudema, o primeiro caso noticiado da presen\u00e7a de \u00f3leo nas praias do litoral da Para\u00edba foi no munic\u00edpio do Conde, no dia 30 de agosto, quando nove praias (Tambaba, Arapuca, Coqueirinho, Tabatinga, Carapibus, Jacum\u00e3, do Amor, Gramame e Barra de Gramame), numa extens\u00e3o de aproximadamente 20 km de orla, foram atingidas por fragmentos de \u00f3leo cru. Logo em seguida, no dia 1\u00ba de setembro, as manchas atingiram a Praia do Bessa, em Jo\u00e3o Pessoa, e mais quatro praias no munic\u00edpio de Cabedelo.<\/p>\n\n\n\n<p>O relat\u00f3rio da Sudema atesta ainda que as praias atingidas naquele momento est\u00e3o pr\u00f3prias para o banho, bem como livres do material (\u00f3leo cru) depositado na areia. Os testes de balneabilidade constatam tamb\u00e9m&nbsp; que o evento n\u00e3o trouxe repercuss\u00f5es \u00e0 qualidade da \u00e1gua no litoral paraibano.<\/p>\n","protected":false},"excerpt":{"rendered":"<p>O governador Jo\u00e3o Azev\u00eado se re\u00fane nesta ter\u00e7a-feira (22) com representantes de \u00f3rg\u00e3os e institui\u00e7\u00f5es ligadas ao meio ambiente \u2013 estadual e federal \u2013, bem&hellip; <\/p>\n","protected":false},"author":1,"featured_media":126059,"comment_status":"closed","ping_status":"closed","sticky":false,"template":"","format":"standard","meta":{"sfsi_plus_gutenberg_text_before_share":"","sfsi_plus_gutenberg_show_text_before_share":"","sfsi_plus_gutenberg_icon_type":"","sfsi_plus_gutenberg_icon_alignemt":"","sfsi_plus_gutenburg_max_per_row":"","footnotes":""},"categories":[2],"tags":[],"class_list":["post-128476","post","type-post","status-publish","format-standard","has-post-thumbnail","hentry","category-geral"],"_links":{"self":[{"href":"https:\/\/www.caririemacao.com\/1\/wp-json\/wp\/v2\/posts\/128476","targetHints":{"allow":["GET"]}}],"collection":[{"href":"https:\/\/www.caririemacao.com\/1\/wp-json\/wp\/v2\/posts"}],"about":[{"href":"https:\/\/www.caririemacao.com\/1\/wp-json\/wp\/v2\/types\/post"}],"author":[{"embeddable":true,"href":"https:\/\/www.caririemacao.com\/1\/wp-json\/wp\/v2\/users\/1"}],"replies":[{"embeddable":true,"href":"https:\/\/www.caririemacao.com\/1\/wp-json\/wp\/v2\/comments?post=128476"}],"version-history":[{"count":1,"href":"https:\/\/www.caririemacao.com\/1\/wp-json\/wp\/v2\/posts\/128476\/revisions"}],"predecessor-version":[{"id":128479,"href":"https:\/\/www.caririemacao.com\/1\/wp-json\/wp\/v2\/posts\/128476\/revisions\/128479"}],"wp:featuredmedia":[{"embeddable":true,"href":"https:\/\/www.caririemacao.com\/1\/wp-json\/wp\/v2\/media\/126059"}],"wp:attachment":[{"href":"https:\/\/www.caririemacao.com\/1\/wp-json\/wp\/v2\/media?parent=128476"}],"wp:term":[{"taxonomy":"category","embeddable":true,"href":"https:\/\/www.caririemacao.com\/1\/wp-json\/wp\/v2\/categories?post=128476"},{"taxonomy":"post_tag","embeddable":true,"href":"https:\/\/www.caririemacao.com\/1\/wp-json\/wp\/v2\/tags?post=128476"}],"curies":[{"name":"wp","href":"https:\/\/api.w.org\/{rel}","templated":true}]}}