{"id":128484,"date":"2019-10-20T15:42:53","date_gmt":"2019-10-20T18:42:53","guid":{"rendered":"http:\/\/www.caririemacao.com\/1\/?p=128484"},"modified":"2019-10-20T15:42:53","modified_gmt":"2019-10-20T18:42:53","slug":"prefeito-de-sume-diz-que-ato-realizado-pela-cdl-foi-capitaneado-por-opositores","status":"publish","type":"post","link":"https:\/\/www.caririemacao.com\/1\/2019\/10\/20\/prefeito-de-sume-diz-que-ato-realizado-pela-cdl-foi-capitaneado-por-opositores\/","title":{"rendered":"Prefeito de Sum\u00e9 diz que ato realizado pela CDL foi capitaneado por opositores"},"content":{"rendered":"\n<figure class=\"wp-block-image\"><a href=\"http:\/\/www.blogdobrunolira.com.br\/wp-content\/uploads\/2019\/10\/Eden-foto-740x414.jpg\"><img decoding=\"async\" data-src=\"https:\/\/lh5.googleusercontent.com\/proxy\/IdhDEubedHeEe_cEeUFdUzDTELOmRlgbAP_gzVS_em_dWn_Zircst14iIPb5DdmUUfURpWYmhh37NFllnzl9rMokjWfDyzf__AzM7HANxCUy98KfDqBu_R6qYXEd7trd10OAxkxu=s0-d\" alt=\"\" src=\"data:image\/svg+xml;base64,PHN2ZyB3aWR0aD0iMSIgaGVpZ2h0PSIxIiB4bWxucz0iaHR0cDovL3d3dy53My5vcmcvMjAwMC9zdmciPjwvc3ZnPg==\" class=\"lazyload\" \/><\/a><\/figure>\n\n\n\n<p>O prefeito de Sum\u00e9, \u00c9den Duarte, rebateu as criticas dirigida a sua gest\u00e3o, por parte de representantes da C\u00e2mara dos Dirigentes Lojistas de Sum\u00e9 (CDL), que est\u00e1 culpando a administra\u00e7\u00e3o municipal pela baixa no com\u00e9rcio local, por conta da venda da folha de pagamento da Prefeitura, do Banco do Brasil para Caixa Econ\u00f4mica Federal.<br>\u201cEstamos abertos ao di\u00e1logo. J\u00e1 mandei v\u00e1rios of\u00edcios para a CDL e n\u00e3o tive resposta.&nbsp;A Institui\u00e7\u00e3o CDL n\u00e3o se pode deixar se contaminar pela pol\u00edtica. O que eu vi foi um ato capitaneado por boa parte da oposi\u00e7\u00e3o, querendo levar as pessoas ao entendimento que n\u00e3o existe\u201d, frisou \u00c9den.<\/p>\n","protected":false},"excerpt":{"rendered":"<p>O prefeito de Sum\u00e9, \u00c9den Duarte, rebateu as criticas dirigida a sua gest\u00e3o, por parte de representantes da C\u00e2mara dos Dirigentes Lojistas de Sum\u00e9 (CDL),&hellip; <\/p>\n","protected":false},"author":1,"featured_media":113420,"comment_status":"closed","ping_status":"closed","sticky":false,"template":"","format":"standard","meta":{"sfsi_plus_gutenberg_text_before_share":"","sfsi_plus_gutenberg_show_text_before_share":"","sfsi_plus_gutenberg_icon_type":"","sfsi_plus_gutenberg_icon_alignemt":"","sfsi_plus_gutenburg_max_per_row":"","footnotes":""},"categories":[50,2],"tags":[],"class_list":["post-128484","post","type-post","status-publish","format-standard","has-post-thumbnail","hentry","category-destaque","category-geral"],"_links":{"self":[{"href":"https:\/\/www.caririemacao.com\/1\/wp-json\/wp\/v2\/posts\/128484","targetHints":{"allow":["GET"]}}],"collection":[{"href":"https:\/\/www.caririemacao.com\/1\/wp-json\/wp\/v2\/posts"}],"about":[{"href":"https:\/\/www.caririemacao.com\/1\/wp-json\/wp\/v2\/types\/post"}],"author":[{"embeddable":true,"href":"https:\/\/www.caririemacao.com\/1\/wp-json\/wp\/v2\/users\/1"}],"replies":[{"embeddable":true,"href":"https:\/\/www.caririemacao.com\/1\/wp-json\/wp\/v2\/comments?post=128484"}],"version-history":[{"count":1,"href":"https:\/\/www.caririemacao.com\/1\/wp-json\/wp\/v2\/posts\/128484\/revisions"}],"predecessor-version":[{"id":128486,"href":"https:\/\/www.caririemacao.com\/1\/wp-json\/wp\/v2\/posts\/128484\/revisions\/128486"}],"wp:featuredmedia":[{"embeddable":true,"href":"https:\/\/www.caririemacao.com\/1\/wp-json\/wp\/v2\/media\/113420"}],"wp:attachment":[{"href":"https:\/\/www.caririemacao.com\/1\/wp-json\/wp\/v2\/media?parent=128484"}],"wp:term":[{"taxonomy":"category","embeddable":true,"href":"https:\/\/www.caririemacao.com\/1\/wp-json\/wp\/v2\/categories?post=128484"},{"taxonomy":"post_tag","embeddable":true,"href":"https:\/\/www.caririemacao.com\/1\/wp-json\/wp\/v2\/tags?post=128484"}],"curies":[{"name":"wp","href":"https:\/\/api.w.org\/{rel}","templated":true}]}}