{"id":128495,"date":"2019-10-20T17:38:34","date_gmt":"2019-10-20T20:38:34","guid":{"rendered":"http:\/\/www.caririemacao.com\/1\/?p=128495"},"modified":"2019-10-20T17:38:52","modified_gmt":"2019-10-20T20:38:52","slug":"prefeitura-de-amparo-emite-nota-de-pesar-pelo-falecimento-do-inesquecivel-marcelo-cotoco","status":"publish","type":"post","link":"https:\/\/www.caririemacao.com\/1\/2019\/10\/20\/prefeitura-de-amparo-emite-nota-de-pesar-pelo-falecimento-do-inesquecivel-marcelo-cotoco\/","title":{"rendered":"Prefeitura de Amparo emite Nota de Pesar pelo falecimento do inesquec\u00edvel Marcelo Cotoco"},"content":{"rendered":"\n<p> A Prefeitura de Amparo vem por meio dessa Nota, declarar profundo pesar pelo Falecimento do inesquec\u00edvel Marcelo Batista Vilar, conhecido como Marcelo Cotoco, ocorrido na tarde deste domingo (20) na cidade de Campina Grande.\u00a0<br><em>\u00c9 com muita tristeza que recebemos a not\u00edcia do falecimento do grande amigo Marcelo Cotoco. Todos que o conheciam lembram o seu jeito brincalh\u00e3o, alegre, sempre sorridente com certeza deixar\u00e1 muita saudade a\u00e7\u00f5es dos Amparenses.Diante do ocorrido, s\u00f3 nos resta pedir a Deus que conforte o cora\u00e7\u00e3o de seus familiares e amigos, que se encontram acometidos pela dor da perda, dando-lhes for\u00e7as para superarem este momento dif\u00edcil e para conviverem com tamanha saudade.<\/em><br>Prefeitura Municipal de Amparo <\/p>\n","protected":false},"excerpt":{"rendered":"<p>A Prefeitura de Amparo vem por meio dessa Nota, declarar profundo pesar pelo Falecimento do inesquec\u00edvel Marcelo Batista Vilar, conhecido como Marcelo Cotoco, ocorrido na&hellip; <\/p>\n","protected":false},"author":2,"featured_media":128496,"comment_status":"closed","ping_status":"closed","sticky":false,"template":"","format":"standard","meta":{"sfsi_plus_gutenberg_text_before_share":"","sfsi_plus_gutenberg_show_text_before_share":"","sfsi_plus_gutenberg_icon_type":"","sfsi_plus_gutenberg_icon_alignemt":"","sfsi_plus_gutenburg_max_per_row":"","footnotes":""},"categories":[50,2],"tags":[],"class_list":["post-128495","post","type-post","status-publish","format-standard","has-post-thumbnail","hentry","category-destaque","category-geral"],"_links":{"self":[{"href":"https:\/\/www.caririemacao.com\/1\/wp-json\/wp\/v2\/posts\/128495","targetHints":{"allow":["GET"]}}],"collection":[{"href":"https:\/\/www.caririemacao.com\/1\/wp-json\/wp\/v2\/posts"}],"about":[{"href":"https:\/\/www.caririemacao.com\/1\/wp-json\/wp\/v2\/types\/post"}],"author":[{"embeddable":true,"href":"https:\/\/www.caririemacao.com\/1\/wp-json\/wp\/v2\/users\/2"}],"replies":[{"embeddable":true,"href":"https:\/\/www.caririemacao.com\/1\/wp-json\/wp\/v2\/comments?post=128495"}],"version-history":[{"count":2,"href":"https:\/\/www.caririemacao.com\/1\/wp-json\/wp\/v2\/posts\/128495\/revisions"}],"predecessor-version":[{"id":128498,"href":"https:\/\/www.caririemacao.com\/1\/wp-json\/wp\/v2\/posts\/128495\/revisions\/128498"}],"wp:featuredmedia":[{"embeddable":true,"href":"https:\/\/www.caririemacao.com\/1\/wp-json\/wp\/v2\/media\/128496"}],"wp:attachment":[{"href":"https:\/\/www.caririemacao.com\/1\/wp-json\/wp\/v2\/media?parent=128495"}],"wp:term":[{"taxonomy":"category","embeddable":true,"href":"https:\/\/www.caririemacao.com\/1\/wp-json\/wp\/v2\/categories?post=128495"},{"taxonomy":"post_tag","embeddable":true,"href":"https:\/\/www.caririemacao.com\/1\/wp-json\/wp\/v2\/tags?post=128495"}],"curies":[{"name":"wp","href":"https:\/\/api.w.org\/{rel}","templated":true}]}}