{"id":128516,"date":"2019-10-21T07:26:59","date_gmt":"2019-10-21T10:26:59","guid":{"rendered":"http:\/\/www.caririemacao.com\/1\/?p=128516"},"modified":"2019-10-21T07:26:59","modified_gmt":"2019-10-21T10:26:59","slug":"governo-vai-avaliar-nova-proposta-de-capitalizacao-alterando-a-constituicao","status":"publish","type":"post","link":"https:\/\/www.caririemacao.com\/1\/2019\/10\/21\/governo-vai-avaliar-nova-proposta-de-capitalizacao-alterando-a-constituicao\/","title":{"rendered":"Governo vai avaliar nova proposta de capitaliza\u00e7\u00e3o alterando a Constitui\u00e7\u00e3o"},"content":{"rendered":"\n<p>&nbsp;O Minist\u00e9rio da Economia aguarda a conclus\u00e3o da tramita\u00e7\u00e3o da reforma da Previd\u00eancia no Congresso para avaliar a possibilidade de persistir no debate sobre a cria\u00e7\u00e3o do regime de capitaliza\u00e7\u00e3o (em que cada trabalhador contribui para a pr\u00f3pria aposentadoria).<\/p>\n\n\n\n<p>A autoriza\u00e7\u00e3o para o lan\u00e7amento do novo sistema estava na reforma da Previd\u00eancia, mas foi retirada do texto pelo Congresso. Agora, a Secretaria Especial de Previd\u00eancia e Trabalho pode retomar o debate ap\u00f3s a promulga\u00e7\u00e3o do texto.<\/p>\n\n\n\n<p>&#8220;A Secretaria Especial de Previd\u00eancia e Trabalho esclarece que vai avaliar, ap\u00f3s a promulga\u00e7\u00e3o da PEC 6\/2019 [proposta de emenda \u00e0 Constitui\u00e7\u00e3o que trata da reforma da Previd\u00eancia], sobre a conveni\u00eancia de retomar o debate da cria\u00e7\u00e3o de um sistema de capitaliza\u00e7\u00e3o no Regime Geral de Previd\u00eancia Social (RGPS), sob a orienta\u00e7\u00e3o do Minist\u00e9rio da Economia&#8221;, afirma a nota.&nbsp;&nbsp;<\/p>\n\n\n\n<p>O texto tamb\u00e9m informa que a eventual proposta seria feita de forma a alterar a Constitui\u00e7\u00e3o. &#8220;N\u00e3o est\u00e1 em estudo eventual encaminhamento de nova proposta pelo governo por projeto de lei complementar ou outra forma fora da Constitui\u00e7\u00e3o&#8221;, diz o texto.&nbsp;<\/p>\n\n\n\n<p>&nbsp;A nota foi divulgada ap\u00f3s entrevista do secret\u00e1rio de Previd\u00eancia, Leonardo Rolim, \u00e0 Folha. Ele afirmou que, tecnicamente, seria poss\u00edvel criar um sistema de capitaliza\u00e7\u00e3o sem alterar a Constitui\u00e7\u00e3o. &#8220;Olhando do ponto de vista t\u00e9cnico, jur\u00eddico, \u00e9 vi\u00e1vel implementar um sistema de capitaliza\u00e7\u00e3o sem precisar de uma PEC&#8221;, disse.&nbsp;<\/p>\n\n\n\n<p>&nbsp;Quando perguntado se o governo iria apresentar nova proposta para a cria\u00e7\u00e3o do novo regime at\u00e9 o fim deste ano, ele afirmou que o ministro Paulo Guedes (Economia) \u00e9 quem definiria. &#8220;O ministro \u00e9 quem define. Eu acho importante e eu imagino como algo que, pelo menos, para o futuro \u00e9 um dos instrumentos para enfrentar o desafio do envelhecimento&#8221;, disse.&nbsp;<\/p>\n","protected":false},"excerpt":{"rendered":"<p>&nbsp;O Minist\u00e9rio da Economia aguarda a conclus\u00e3o da tramita\u00e7\u00e3o da reforma da Previd\u00eancia no Congresso para avaliar a possibilidade de persistir no debate sobre a&hellip; <\/p>\n","protected":false},"author":1,"featured_media":106194,"comment_status":"closed","ping_status":"closed","sticky":false,"template":"","format":"standard","meta":{"sfsi_plus_gutenberg_text_before_share":"","sfsi_plus_gutenberg_show_text_before_share":"","sfsi_plus_gutenberg_icon_type":"","sfsi_plus_gutenberg_icon_alignemt":"","sfsi_plus_gutenburg_max_per_row":"","footnotes":""},"categories":[11],"tags":[],"class_list":["post-128516","post","type-post","status-publish","format-standard","has-post-thumbnail","hentry","category-politica"],"_links":{"self":[{"href":"https:\/\/www.caririemacao.com\/1\/wp-json\/wp\/v2\/posts\/128516","targetHints":{"allow":["GET"]}}],"collection":[{"href":"https:\/\/www.caririemacao.com\/1\/wp-json\/wp\/v2\/posts"}],"about":[{"href":"https:\/\/www.caririemacao.com\/1\/wp-json\/wp\/v2\/types\/post"}],"author":[{"embeddable":true,"href":"https:\/\/www.caririemacao.com\/1\/wp-json\/wp\/v2\/users\/1"}],"replies":[{"embeddable":true,"href":"https:\/\/www.caririemacao.com\/1\/wp-json\/wp\/v2\/comments?post=128516"}],"version-history":[{"count":1,"href":"https:\/\/www.caririemacao.com\/1\/wp-json\/wp\/v2\/posts\/128516\/revisions"}],"predecessor-version":[{"id":128517,"href":"https:\/\/www.caririemacao.com\/1\/wp-json\/wp\/v2\/posts\/128516\/revisions\/128517"}],"wp:featuredmedia":[{"embeddable":true,"href":"https:\/\/www.caririemacao.com\/1\/wp-json\/wp\/v2\/media\/106194"}],"wp:attachment":[{"href":"https:\/\/www.caririemacao.com\/1\/wp-json\/wp\/v2\/media?parent=128516"}],"wp:term":[{"taxonomy":"category","embeddable":true,"href":"https:\/\/www.caririemacao.com\/1\/wp-json\/wp\/v2\/categories?post=128516"},{"taxonomy":"post_tag","embeddable":true,"href":"https:\/\/www.caririemacao.com\/1\/wp-json\/wp\/v2\/tags?post=128516"}],"curies":[{"name":"wp","href":"https:\/\/api.w.org\/{rel}","templated":true}]}}