{"id":128524,"date":"2019-10-21T07:28:45","date_gmt":"2019-10-21T10:28:45","guid":{"rendered":"http:\/\/www.caririemacao.com\/1\/?p=128524"},"modified":"2019-10-21T07:28:45","modified_gmt":"2019-10-21T10:28:45","slug":"bolsonaro-chega-a-asia-sem-principais-auxiliares-da-area-economica","status":"publish","type":"post","link":"https:\/\/www.caririemacao.com\/1\/2019\/10\/21\/bolsonaro-chega-a-asia-sem-principais-auxiliares-da-area-economica\/","title":{"rendered":"Bolsonaro chega \u00e0 \u00c1sia sem principais auxiliares da \u00e1rea econ\u00f4mica"},"content":{"rendered":"\n<p>&nbsp;O presidente Jair Bolsonaro (PSL) desembarca nesta segunda-feira (21) em T\u00f3quio para iniciar seu giro pela \u00c1sia sem a companhia de dois de seus principais auxiliares da \u00e1rea econ\u00f4mica: os ministros Paulo Guedes, da Economia, e Tarc\u00edsio de Freitas, da Infraestrutura.<\/p>\n\n\n\n<p>Eles n\u00e3o participam dos encontros em T\u00f3quio e em Pequim. Existe uma expectativa de que Guedes se junte \u00e0 comitiva no segundo trecho da viagem, por Emirados \u00c1rabes Unidos, Catar e Ar\u00e1bia Saudita, mas ainda n\u00e3o est\u00e1 confirmado.<\/p>\n\n\n\n<p>As aus\u00eancias de Guedes e Tarc\u00edsio foram notadas pelo setor privado, j\u00e1 que o objetivo declarado da viagem \u00e9 comercial. Segundo um empres\u00e1rio que pediu anonimato, n\u00e3o est\u00e1 claro a quem o presidente vai recorrer se os investidores chineses pedirem detalhes sobre as reformas \u2013 a cargo de Guedes \u2013 ou sobre os projetos de infraestrutura \u2013 sob a responsabilidade de Tarc\u00edsio.<\/p>\n\n\n\n<p>A agenda de Bolsonaro em Pequim prev\u00ea um jantar com grandes empres\u00e1rios chineses e brasileiros, oferecido por Paulo Skaf, presidente da Federa\u00e7\u00e3o das Ind\u00fastrias do Estado de S\u00e3o Paulo (Fiesp) e um encontro empresarial organizado pela Apex Brasil (Ag\u00eancia Brasileira de Promo\u00e7\u00e3o de Exporta\u00e7\u00f5es e Investimentos).<\/p>\n\n\n\n<p>Antes de embarcar, Bolsonaro disse que o Brasil &#8220;est\u00e1 aberto a fazer neg\u00f3cios&#8221; e que &#8220;n\u00e3o tem vi\u00e9s ideol\u00f3gico&#8221;. As declara\u00e7\u00f5es contrastam com o conhecido alinhamento do mandat\u00e1rio brasileiro com seu colega americano, Donald Trump, que recentemente firmou uma tr\u00e9gua na guerra comercial que trava com os chineses.<\/p>\n\n\n\n<p>A auxiliar mais relevante da \u00e1rea econ\u00f4mica a seguir o presidente \u00e9 Tereza Cristina, ministra da Agricultura. Ela chega a Pequim antes da comitiva para negociar a abertura do mercado chin\u00eas a produtos agr\u00edcolas, como farelo de soja. A China \u00e9 o principal comprador de commodities do Brasil, com destaque para soja, min\u00e9rio de ferro e petr\u00f3leo.<\/p>\n\n\n\n<p>Tamb\u00e9m viajam com Bolsonaro os titulares da pasta de Minas e Energia, Bento Albuquerque, da Casa Civil, Onyx Lorenzoni, da Cidadania, Osmar Terra, do Gabinete de Seguran\u00e7a Institucional, Augusto Heleno, e de Rela\u00e7\u00f5es Exteriores, Ernesto Ara\u00fajo.<\/p>\n\n\n\n<p>A presen\u00e7a de Tarc\u00edsio estava inicialmente prevista, mas ele acabou desistindo por causa de uma s\u00e9rie de reuni\u00f5es no exterior na semana passada. O ministro deve ir a China e aos pa\u00edses \u00e1rabes apenas em abril do ano que vem.<\/p>\n\n\n\n<p>A tarefa de tirar d\u00favidas sobre as concess\u00f5es, portanto, deve recair sobre Martha Seillier, que assumiu em julho a secretaria especial do PPI (Programa de Parcerias de Investimentos), ligada \u00e0 Casa Civil. O nome da funcion\u00e1ria n\u00e3o consta da lista preliminar da comitiva elaborada pelo Itamaraty, mas ela deve se juntar ao grupo em Pequim.<\/p>\n\n\n\n<p>O \u00fanico representante previsto do minist\u00e9rio da Economia at\u00e9 agora \u00e9 o chefe da assessoria especial de assuntos institucionais, Caio Megale. Encarregado de representar Guedes em evento em Washington, o secret\u00e1rio especial de assuntos internacionais, Marcos Troyjo, tamb\u00e9m n\u00e3o vai.<\/p>\n\n\n\n<p>Troyjo \u00e9 o homem forte do minist\u00e9rio para acordos de livre com\u00e9rcio. O Brasil anunciou que tem interesse num entendimento com o Jap\u00e3o, por\u00e9m, a avalia\u00e7\u00e3o do governo \u00e9 que n\u00e3o haveria espa\u00e7o para essa discuss\u00e3o durante a visita de Bolsonaro, que vai a T\u00f3quio para a cerim\u00f4nia a coroa\u00e7\u00e3o do imperador Naruhito.<\/p>\n\n\n\n<p>J\u00e1 a China est\u00e1 fora do radar para negocia\u00e7\u00f5es de abertura de mercado do Brasil, apesar de ser o principal parceiro comercial do pa\u00eds. Questionado por jornalistas se o governo brasileiro tem interesse num acordo com os chineses, o embaixador Reinaldo Jos\u00e9 de Almeida Salgado, secret\u00e1rio de negocia\u00e7\u00f5es bilaterais na \u00c1sia do Itamaraty, disse que n\u00e3o.<\/p>\n\n\n\n<p>Segundo ele, o pa\u00eds est\u00e1 envolvido em diversas discuss\u00f5es e n\u00e3o h\u00e1 funcion\u00e1rios suficientes para encaminhar tudo ao mesmo tempo. Na \u00c1sia, as negocia\u00e7\u00f5es avan\u00e7am com Coreia do Sul e Singapura. Vale ressaltar que um acordo de livre com\u00e9rcio com a China seria extremamente complicado por causa da alta competitividade do pa\u00eds na \u00e1rea industrial.<\/p>\n\n\n\n<p>No trecho da viagem destinado ao Oriente M\u00e9dio, a agenda de Bolsonaro est\u00e1 totalmente voltada para a atra\u00e7\u00e3o de investimentos. Os assuntos pol\u00edticos s\u00e3o delicados neste caso, pois o governo Bolsonaro \u00e9 bastante pr\u00f3ximo de Israel. No in\u00edcio do ano, a atual gest\u00e3o chegou a anunciar que mudaria a embaixada brasileira para Jerusal\u00e9m, mas acabou voltando atr\u00e1s por causa da forte rea\u00e7\u00e3o do mundo \u00e1rabe.<\/p>\n\n\n\n<p>Em Riade, na Ar\u00e1bia Saudita, o presidente brasileiro ser\u00e1 a &#8220;estrela&#8221; do f\u00f3rum conhecido como &#8220;Davos no Deserto&#8221;. Tamb\u00e9m tem reuni\u00f5es com empres\u00e1rios em Abu Dhabi, nos Emirados \u00c1rabes Unidos, e em Doha, no Catar. O objetivo \u00e9 convencer os \u00e1rabes a apostar nas concess\u00f5es no Brasil.<\/p>\n\n\n\n<p>Conforme dados recolhidos pelo Itamaraty, os fundos soberanos dos Emirados \u00c1rabes t\u00eam mais de US$ 1 trilh\u00e3o (R$ 4,1 trilh\u00f5es) investidos ao redor do mundo, enquanto os fundos sauditas chegam a US$ 850 bilh\u00f5es (R$ 3,5 trilh\u00f5es). As aplica\u00e7\u00f5es desse dinheiro no Brasil n\u00e3o passam de US$ 5 bilh\u00f5es (R$ 20,6 bilh\u00f5es).<\/p>\n","protected":false},"excerpt":{"rendered":"<p>&nbsp;O presidente Jair Bolsonaro (PSL) desembarca nesta segunda-feira (21) em T\u00f3quio para iniciar seu giro pela \u00c1sia sem a companhia de dois de seus principais&hellip; <\/p>\n","protected":false},"author":1,"featured_media":126236,"comment_status":"closed","ping_status":"closed","sticky":false,"template":"","format":"standard","meta":{"sfsi_plus_gutenberg_text_before_share":"","sfsi_plus_gutenberg_show_text_before_share":"","sfsi_plus_gutenberg_icon_type":"","sfsi_plus_gutenberg_icon_alignemt":"","sfsi_plus_gutenburg_max_per_row":"","footnotes":""},"categories":[11],"tags":[],"class_list":["post-128524","post","type-post","status-publish","format-standard","has-post-thumbnail","hentry","category-politica"],"_links":{"self":[{"href":"https:\/\/www.caririemacao.com\/1\/wp-json\/wp\/v2\/posts\/128524","targetHints":{"allow":["GET"]}}],"collection":[{"href":"https:\/\/www.caririemacao.com\/1\/wp-json\/wp\/v2\/posts"}],"about":[{"href":"https:\/\/www.caririemacao.com\/1\/wp-json\/wp\/v2\/types\/post"}],"author":[{"embeddable":true,"href":"https:\/\/www.caririemacao.com\/1\/wp-json\/wp\/v2\/users\/1"}],"replies":[{"embeddable":true,"href":"https:\/\/www.caririemacao.com\/1\/wp-json\/wp\/v2\/comments?post=128524"}],"version-history":[{"count":1,"href":"https:\/\/www.caririemacao.com\/1\/wp-json\/wp\/v2\/posts\/128524\/revisions"}],"predecessor-version":[{"id":128525,"href":"https:\/\/www.caririemacao.com\/1\/wp-json\/wp\/v2\/posts\/128524\/revisions\/128525"}],"wp:featuredmedia":[{"embeddable":true,"href":"https:\/\/www.caririemacao.com\/1\/wp-json\/wp\/v2\/media\/126236"}],"wp:attachment":[{"href":"https:\/\/www.caririemacao.com\/1\/wp-json\/wp\/v2\/media?parent=128524"}],"wp:term":[{"taxonomy":"category","embeddable":true,"href":"https:\/\/www.caririemacao.com\/1\/wp-json\/wp\/v2\/categories?post=128524"},{"taxonomy":"post_tag","embeddable":true,"href":"https:\/\/www.caririemacao.com\/1\/wp-json\/wp\/v2\/tags?post=128524"}],"curies":[{"name":"wp","href":"https:\/\/api.w.org\/{rel}","templated":true}]}}