{"id":128531,"date":"2019-10-21T07:31:52","date_gmt":"2019-10-21T10:31:52","guid":{"rendered":"http:\/\/www.caririemacao.com\/1\/?p=128531"},"modified":"2019-10-21T07:31:52","modified_gmt":"2019-10-21T10:31:52","slug":"governo-licita-primeiro-projeto-de-mineracao","status":"publish","type":"post","link":"https:\/\/www.caririemacao.com\/1\/2019\/10\/21\/governo-licita-primeiro-projeto-de-mineracao\/","title":{"rendered":"Governo licita primeiro projeto de minera\u00e7\u00e3o"},"content":{"rendered":"\n<p>O Servi\u00e7o Geol\u00f3gico do Brasil (CPRM, que mant\u00e9m a sigla de Companhia de Pesquisa de Recursos Minerais), \u00f3rg\u00e3o vinculado ao Minist\u00e9rio de Minas e Energia, vai licitar&nbsp;hoje&nbsp;(21) os direitos miner\u00e1rios do Complexo Polimet\u00e1lico de Palmeir\u00f3polis, no estado do Tocantins.<\/p>\n\n\n\n<p>Este \u00e9 o primeiro projeto de minera\u00e7\u00e3o feito dentro do Programa de Parceria de Investimento (PPI), a ser oferecido \u00e0 iniciativa privada.<\/p>\n\n\n\n<p>Trata-se de um dep\u00f3sito polimet\u00e1lico com elementos como zinco, cobre, chumbo e ouro em quantidade suficiente para a explora\u00e7\u00e3o econ\u00f4mica.<\/p>\n\n\n\n<p>O governo estima arrecadar R$ 15 milh\u00f5es com o b\u00f4nus do leil\u00e3o da \u00e1rea. Segundo a CPRM, \u00e9 esperado um investimento de R$ 255 milh\u00f5es no projeto,&nbsp; que pode gerar 2.500 empregos.<\/p>\n\n\n\n<p>\u201cO Projeto Palmeir\u00f3polis compreende seis processos miner\u00e1rios, totalizando 6.050 hectares, todos com relat\u00f3rios finais de pesquisa aprovados pela Ag\u00eancia Nacional de Minera\u00e7\u00e3o. A CPRM det\u00e9m cerca de 330 direitos miner\u00e1rios, divididos em 30 blocos, que ser\u00e3o ofertados \u00e0 iniciativa privada visando a incentivar o desenvolvimento do setor mineral no pa\u00eds\u201d, informa o \u00f3rg\u00e3o.<\/p>\n\n\n\n<p>Desse total, cinco ativos j\u00e1 est\u00e3o qualificados no PPI. S\u00e3o eles: Polimet\u00e1lico de Palmeir\u00f3polis (TO), Carv\u00e3o Candiota (RS), Fosfato de Miriri (PE\/PB), Cobre de Bom Jardim (GO) e Caulim do Rio Capim (PA).<\/p>\n\n\n\n<p>O leil\u00e3o de Palmeir\u00f3polis ser\u00e1 \u00e0s 10h, no sal\u00e3o nobre do escrit\u00f3rio do \u00f3rg\u00e3o no Rio&nbsp;de Janeiro, na Urca. Os detalhes da cess\u00e3o podem ser conferidas no<a href=\"http:\/\/www.cprm.gov.br\/publique\/Acesso-a-Informacao\/Leilao-Palmeiropolis-%7C-Palmeiropolis-Auction-5566.html\"><em>site<\/em>&nbsp;da CPRM<\/a>&nbsp;.<\/p>\n","protected":false},"excerpt":{"rendered":"<p>O Servi\u00e7o Geol\u00f3gico do Brasil (CPRM, que mant\u00e9m a sigla de Companhia de Pesquisa de Recursos Minerais), \u00f3rg\u00e3o vinculado ao Minist\u00e9rio de Minas e Energia,&hellip; <\/p>\n","protected":false},"author":1,"featured_media":128532,"comment_status":"closed","ping_status":"closed","sticky":false,"template":"","format":"standard","meta":{"sfsi_plus_gutenberg_text_before_share":"","sfsi_plus_gutenberg_show_text_before_share":"","sfsi_plus_gutenberg_icon_type":"","sfsi_plus_gutenberg_icon_alignemt":"","sfsi_plus_gutenburg_max_per_row":"","footnotes":""},"categories":[2],"tags":[],"class_list":["post-128531","post","type-post","status-publish","format-standard","has-post-thumbnail","hentry","category-geral"],"_links":{"self":[{"href":"https:\/\/www.caririemacao.com\/1\/wp-json\/wp\/v2\/posts\/128531","targetHints":{"allow":["GET"]}}],"collection":[{"href":"https:\/\/www.caririemacao.com\/1\/wp-json\/wp\/v2\/posts"}],"about":[{"href":"https:\/\/www.caririemacao.com\/1\/wp-json\/wp\/v2\/types\/post"}],"author":[{"embeddable":true,"href":"https:\/\/www.caririemacao.com\/1\/wp-json\/wp\/v2\/users\/1"}],"replies":[{"embeddable":true,"href":"https:\/\/www.caririemacao.com\/1\/wp-json\/wp\/v2\/comments?post=128531"}],"version-history":[{"count":1,"href":"https:\/\/www.caririemacao.com\/1\/wp-json\/wp\/v2\/posts\/128531\/revisions"}],"predecessor-version":[{"id":128533,"href":"https:\/\/www.caririemacao.com\/1\/wp-json\/wp\/v2\/posts\/128531\/revisions\/128533"}],"wp:featuredmedia":[{"embeddable":true,"href":"https:\/\/www.caririemacao.com\/1\/wp-json\/wp\/v2\/media\/128532"}],"wp:attachment":[{"href":"https:\/\/www.caririemacao.com\/1\/wp-json\/wp\/v2\/media?parent=128531"}],"wp:term":[{"taxonomy":"category","embeddable":true,"href":"https:\/\/www.caririemacao.com\/1\/wp-json\/wp\/v2\/categories?post=128531"},{"taxonomy":"post_tag","embeddable":true,"href":"https:\/\/www.caririemacao.com\/1\/wp-json\/wp\/v2\/tags?post=128531"}],"curies":[{"name":"wp","href":"https:\/\/api.w.org\/{rel}","templated":true}]}}