{"id":128561,"date":"2019-10-21T07:50:10","date_gmt":"2019-10-21T10:50:10","guid":{"rendered":"http:\/\/www.caririemacao.com\/1\/?p=128561"},"modified":"2019-10-21T07:50:10","modified_gmt":"2019-10-21T10:50:10","slug":"fhc-chama-bolsonaro-de-tosco-e-diz-que-lula-perdeu-o-encanto","status":"publish","type":"post","link":"https:\/\/www.caririemacao.com\/1\/2019\/10\/21\/fhc-chama-bolsonaro-de-tosco-e-diz-que-lula-perdeu-o-encanto\/","title":{"rendered":"FHC chama Bolsonaro de \u201ctosco\u201d e diz que Lula \u201cperdeu o encanto\u201d"},"content":{"rendered":"\n<p>O ex-presidente Fernando Henrique Cardoso (PSDB), que est\u00e1 lan\u00e7ando o quarto e \u00faltimo volume dos \u201cDi\u00e1rios da Presid\u00eancia\u201d, cobrindo os dois anos finais do mandato \u2013 2001 e 2022, n\u00e3o cita em nenhum momento da sua \u00faltima obra Jair Bolsonaro, que era deputado federal nos anos da gest\u00e3o tucana. Indagado pela reportagem de \u201cVeja\u201d se Bolsonaro, como deputado, estava fora do seu radar, Fernando Henrique \u00e9 taxativo: \u201cEu nunca o vi na vida, nem desejo. De longe, tenho a impress\u00e3o de que ele \u00e9 uma pessoa tosca. Na minha \u00e9poca de Presid\u00eancia, Bolsonaro n\u00e3o tinha import\u00e2ncia. Tinha presen\u00e7a apenas na pol\u00edtica corporativista, agitando os quart\u00e9is. Os militares o viam com preocupa\u00e7\u00e3o, pois era um capit\u00e3o rebelde, mas nunca imaginavam que chegaria \u00e0 Presid\u00eancia\u201d.<\/p>\n\n\n\n<p>Para Fernando Henrique, Bolsonaro ganhou a elei\u00e7\u00e3o em 2018 por ter repetido uma agenda negativa: n\u00e3o ao PT, n\u00e3o \u00e0 corrup\u00e7\u00e3o, n\u00e3o ao crime organizado. \u201cQuem votou em Bolsonaro votou com um pouco de medo. Alguns setores do Brasil, como os ruralistas, estavam muito inquietos com a situa\u00e7\u00e3o anterior, que era um caos. Cad\u00ea hoje o MDT? No meu tempo de presidente, o MST fazia marcha do Sul para Bras\u00edlia porque as prefeituras davam dinheiro. Tinha um bom apoio do PT. O Brasil foi para a direita, em seu conjunto, tanto que Bolsonaro venceu. Esse movimento para a direita n\u00e3o foi s\u00f3 aqui, ocorreu no mundo inteiro\u201d. A entrevista de FHC foi concedida aos jornalistas Maur\u00edcio Lima e S\u00e9rgio Ruiz Luz.<\/p>\n\n\n\n<p>Ainda que considere cedo para fazer uma avalia\u00e7\u00e3o do governo Bolsonaro, Fernando Henrique diz ter a impress\u00e3o de um governo que n\u00e3o transmite ao pa\u00eds para qual rumo est\u00e1 levando o Brasil. \u201cEnt\u00e3o, voc\u00ea fica meio sem saber para onde vamos\u201d. A respeito do ex-presidente Luiz In\u00e1cio Lula da Silva, Fernando Henrique sublinha que o encanto que havia anteriormente n\u00e3o existe mais com o processo de poder, a vincula\u00e7\u00e3o com a corrup\u00e7\u00e3o. \u201cMas se ele for posto em liberdade, vai agitar, pois tem uma virtude: sabe falar. Nunca me esque\u00e7o do Lula presidente explicando na TV a quest\u00e3o da polui\u00e7\u00e3o. \u201cVoc\u00eas sabem, n\u00e9, gente? A Terra n\u00e3o \u00e9 plana, a Terra \u00e9 redonda. Se a Terra fosse plana, a polui\u00e7\u00e3o ia ser problema deles, n\u00e3o nosso. Mas como ela roda, a polui\u00e7\u00e3o cai na cabe\u00e7a da gente\u201d. FHC diz que n\u00e3o acha que na situa\u00e7\u00e3o do Brasil exista espa\u00e7o, hoje, para o mesmo tipo de ret\u00f3rica que ajudou na ascens\u00e3o de Lula e observa que quando ele ganhou a elei\u00e7\u00e3o, \u201cpara o bem ou para o mal, significava coisa nova, o l\u00edder oper\u00e1rio que chega ao governo. Essa novidade n\u00e3o existe mais\u201d.<\/p>\n\n\n\n<p>O ex-presidente declarou que Lula sempre foi personalista, colocando-se em posi\u00e7\u00e3o de primazia e, depois, o resto. Salienta que o PT hoje \u00e9 o \u201cLula Livre\u201d, enquanto de sua parte, avalia que est\u00e1 havendo um cansa\u00e7o da polariza\u00e7\u00e3o pol\u00edtica-partid\u00e1ria no Brasil. Frisa que o apresentador Luciano Huck, da TV Globo, tem que tomar uma decis\u00e3o sobre se vai deixar de ser celebridade para ser pol\u00edtico. E ensina: \u201cCelebridade recebe aplauso e l\u00edder pol\u00edtico, dependendo do caso, recebe pedrada\u201d. Fernando Henrique considera-se afastado das discuss\u00f5es partid\u00e1rias mas diz que o presidente Bolsonaro procura casca de banana para escorregar. \u201cEle se mete em tudo, cria caso, cria confus\u00e3o. Ent\u00e3o, pode escorregar. N\u00e3o o estou menosprezando, pois \u00e9 preciso levar em considera\u00e7\u00e3o que ele fala bem a um grupo de eleitores. E \u00e9 esperto. J\u00e1 definiu o inimigo \u2013 n\u00e3o \u00e9 Luciano Huck, \u00e9 a Rede Globo\u201d.<\/p>\n","protected":false},"excerpt":{"rendered":"<p>O ex-presidente Fernando Henrique Cardoso (PSDB), que est\u00e1 lan\u00e7ando o quarto e \u00faltimo volume dos \u201cDi\u00e1rios da Presid\u00eancia\u201d, cobrindo os dois anos finais do mandato&hellip; <\/p>\n","protected":false},"author":1,"featured_media":128565,"comment_status":"closed","ping_status":"closed","sticky":false,"template":"","format":"standard","meta":{"sfsi_plus_gutenberg_text_before_share":"","sfsi_plus_gutenberg_show_text_before_share":"","sfsi_plus_gutenberg_icon_type":"","sfsi_plus_gutenberg_icon_alignemt":"","sfsi_plus_gutenburg_max_per_row":"","footnotes":""},"categories":[11],"tags":[],"class_list":["post-128561","post","type-post","status-publish","format-standard","has-post-thumbnail","hentry","category-politica"],"_links":{"self":[{"href":"https:\/\/www.caririemacao.com\/1\/wp-json\/wp\/v2\/posts\/128561","targetHints":{"allow":["GET"]}}],"collection":[{"href":"https:\/\/www.caririemacao.com\/1\/wp-json\/wp\/v2\/posts"}],"about":[{"href":"https:\/\/www.caririemacao.com\/1\/wp-json\/wp\/v2\/types\/post"}],"author":[{"embeddable":true,"href":"https:\/\/www.caririemacao.com\/1\/wp-json\/wp\/v2\/users\/1"}],"replies":[{"embeddable":true,"href":"https:\/\/www.caririemacao.com\/1\/wp-json\/wp\/v2\/comments?post=128561"}],"version-history":[{"count":1,"href":"https:\/\/www.caririemacao.com\/1\/wp-json\/wp\/v2\/posts\/128561\/revisions"}],"predecessor-version":[{"id":128566,"href":"https:\/\/www.caririemacao.com\/1\/wp-json\/wp\/v2\/posts\/128561\/revisions\/128566"}],"wp:featuredmedia":[{"embeddable":true,"href":"https:\/\/www.caririemacao.com\/1\/wp-json\/wp\/v2\/media\/128565"}],"wp:attachment":[{"href":"https:\/\/www.caririemacao.com\/1\/wp-json\/wp\/v2\/media?parent=128561"}],"wp:term":[{"taxonomy":"category","embeddable":true,"href":"https:\/\/www.caririemacao.com\/1\/wp-json\/wp\/v2\/categories?post=128561"},{"taxonomy":"post_tag","embeddable":true,"href":"https:\/\/www.caririemacao.com\/1\/wp-json\/wp\/v2\/tags?post=128561"}],"curies":[{"name":"wp","href":"https:\/\/api.w.org\/{rel}","templated":true}]}}