{"id":128570,"date":"2019-10-21T07:51:55","date_gmt":"2019-10-21T10:51:55","guid":{"rendered":"http:\/\/www.caririemacao.com\/1\/?p=128570"},"modified":"2019-10-21T07:51:55","modified_gmt":"2019-10-21T10:51:55","slug":"paraiba-registra-610-casos-de-sifilis-em-gravidas-durante-o-ano-de-2019","status":"publish","type":"post","link":"https:\/\/www.caririemacao.com\/1\/2019\/10\/21\/paraiba-registra-610-casos-de-sifilis-em-gravidas-durante-o-ano-de-2019\/","title":{"rendered":"Para\u00edba registra 610 casos de s\u00edfilis em gr\u00e1vidas durante o ano de 2019"},"content":{"rendered":"\n<p>A Para\u00edba j\u00e1 registrou esse ano 610 casos de s\u00edfilis em gestantes e 266 casos em que a doen\u00e7a foi transmitida&nbsp; para o feto atrav\u00e9s das placenta. Os dados s\u00e3o da Secretaria Estadual de Sa\u00fade.<\/p>\n\n\n\n<p>No sentido de conter a doen\u00e7a e em alus\u00e3o ao \u2018Dia Nacional de Combate \u00e0 S\u00edfilis\u2019 comemorado &nbsp;neste s\u00e1bado (19), a SES em parceria com a Secretaria Municipal de Jo\u00e3o Pessoa, est\u00e1 promovendo v\u00e1rias a\u00e7\u00f5es de preven\u00e7\u00e3o na Capital.<\/p>\n\n\n\n<p>Uma delas foi realizada nesta sexta-feira (18), na Rua da Areia, no Centro da cidade. Prostitutas tiveram a oportunidade de fazer teste r\u00e1pido da s\u00edfilis, al\u00e9m de fluido oral de HIV; tomar vacinas contra t\u00e9tano e hepatite B e receberam preservativos junto com informa\u00e7\u00f5es sobre a doen\u00e7a.<\/p>\n\n\n\n<p>Juciene Ara\u00fajo, de 38 anos, passou por todos os servi\u00e7os. \u201cEsta a\u00e7\u00e3o \u00e9 maravilhosa. Como a gente trabalha at\u00e9 tarde da noite, \u00e9 muito dif\u00edcil ir \u00e0 Unidade de Sa\u00fade da Fam\u00edlia durante o dia, fazer tudo isso que tem aqui. Dessa forma, a sa\u00fade vem at\u00e9 a gente\u201d, disse, elogiando a a\u00e7\u00e3o.<\/p>\n\n\n\n<p>O evento tamb\u00e9m chamou a aten\u00e7\u00e3o dos homens. O pedreiro Manoel Bonfim foi o primeiro a chegar e, mesmo tendo feito os dois testes e tomado as duas vacinas, ficou curioso para saber o que \u00e9 a doen\u00e7a.<\/p>\n\n\n\n<p>\u201cS\u00edfilis \u00e9 uma infec\u00e7\u00e3o geralmente transmitida pelo contato sexual, que come\u00e7a como uma ferida indolor na genit\u00e1lia, no reto ou na boca. O tratamento \u00e9 feito com aux\u00edlio m\u00e9dico e resolve-se em dias ou semanas. Sempre requer exames laboratoriais ou de imagem. A \u00fanica forma de preven\u00e7\u00e3o \u00e9 o uso de preservativos\u201d, explicou pela chefe do N\u00facleo de IST\/Aids, da SES, Joanna Ramalho<\/p>\n\n\n\n<p>Para a assistente social, Roberta Cabral, da Sess\u00e3o Municipal de IST\/Aids, da Secretaria de Sa\u00fade Municipal, atender as prostitutas no local onde trabalham teve um grande diferencial.<\/p>\n\n\n\n<p>\u201cA gente sai da zona de conforto e sente a realidade dentro do territ\u00f3rio da popula\u00e7\u00e3o assistida. Sem contar que estas mulheres s\u00e3o extremamente vulner\u00e1veis e necessitam de uma aten\u00e7\u00e3o especial \u00e0 sa\u00fade\u201d, pontuou.<\/p>\n\n\n\n<p>Programa\u00e7\u00e3o alusiva ao Dia D de S\u00edfilis<\/p>\n\n\n\n<p>Dia 21 \u2013 Semin\u00e1rio do selo Unicef e atualiza\u00e7\u00e3o do manejo cl\u00ednico para m\u00e9dicos e enfermeiros da Maternidade Frei Dami\u00e3o<\/p>\n\n\n\n<p>Dia 30 \u2013 Atualiza\u00e7\u00e3o do manejo cl\u00ednico para m\u00e9dicos e enfermeiros da Maternidade C\u00e2ndida Vargas<\/p>\n","protected":false},"excerpt":{"rendered":"<p>A Para\u00edba j\u00e1 registrou esse ano 610 casos de s\u00edfilis em gestantes e 266 casos em que a doen\u00e7a foi transmitida&nbsp; para o feto atrav\u00e9s&hellip; <\/p>\n","protected":false},"author":1,"featured_media":128571,"comment_status":"closed","ping_status":"closed","sticky":false,"template":"","format":"standard","meta":{"sfsi_plus_gutenberg_text_before_share":"","sfsi_plus_gutenberg_show_text_before_share":"","sfsi_plus_gutenberg_icon_type":"","sfsi_plus_gutenberg_icon_alignemt":"","sfsi_plus_gutenburg_max_per_row":"","footnotes":""},"categories":[16],"tags":[],"class_list":["post-128570","post","type-post","status-publish","format-standard","has-post-thumbnail","hentry","category-saude"],"_links":{"self":[{"href":"https:\/\/www.caririemacao.com\/1\/wp-json\/wp\/v2\/posts\/128570","targetHints":{"allow":["GET"]}}],"collection":[{"href":"https:\/\/www.caririemacao.com\/1\/wp-json\/wp\/v2\/posts"}],"about":[{"href":"https:\/\/www.caririemacao.com\/1\/wp-json\/wp\/v2\/types\/post"}],"author":[{"embeddable":true,"href":"https:\/\/www.caririemacao.com\/1\/wp-json\/wp\/v2\/users\/1"}],"replies":[{"embeddable":true,"href":"https:\/\/www.caririemacao.com\/1\/wp-json\/wp\/v2\/comments?post=128570"}],"version-history":[{"count":1,"href":"https:\/\/www.caririemacao.com\/1\/wp-json\/wp\/v2\/posts\/128570\/revisions"}],"predecessor-version":[{"id":128572,"href":"https:\/\/www.caririemacao.com\/1\/wp-json\/wp\/v2\/posts\/128570\/revisions\/128572"}],"wp:featuredmedia":[{"embeddable":true,"href":"https:\/\/www.caririemacao.com\/1\/wp-json\/wp\/v2\/media\/128571"}],"wp:attachment":[{"href":"https:\/\/www.caririemacao.com\/1\/wp-json\/wp\/v2\/media?parent=128570"}],"wp:term":[{"taxonomy":"category","embeddable":true,"href":"https:\/\/www.caririemacao.com\/1\/wp-json\/wp\/v2\/categories?post=128570"},{"taxonomy":"post_tag","embeddable":true,"href":"https:\/\/www.caririemacao.com\/1\/wp-json\/wp\/v2\/tags?post=128570"}],"curies":[{"name":"wp","href":"https:\/\/api.w.org\/{rel}","templated":true}]}}