{"id":128585,"date":"2019-10-21T07:56:55","date_gmt":"2019-10-21T10:56:55","guid":{"rendered":"http:\/\/www.caririemacao.com\/1\/?p=128585"},"modified":"2019-10-21T07:56:55","modified_gmt":"2019-10-21T10:56:55","slug":"deputado-pedira-ao-psl-para-suspender-eduardo-bolsonaro","status":"publish","type":"post","link":"https:\/\/www.caririemacao.com\/1\/2019\/10\/21\/deputado-pedira-ao-psl-para-suspender-eduardo-bolsonaro\/","title":{"rendered":"Deputado pedir\u00e1 ao PSL para suspender Eduardo Bolsonaro"},"content":{"rendered":"\n<p> Eduardo Bolsonaro \u00e9 filho do presidente Jair Bolsonaro e est\u00e1 no centro da disputa pela lideran\u00e7a do partido na C\u00e2mara.<\/p>\n\n\n\n<p>Enquanto a ala bolsonarista tenta assumir o posto, o grupo ligado ao presidente do partido, Luciano Bivar, quer manter o deputado Delegado Waldir (PSL-GO) na fun\u00e7\u00e3o.<\/p>\n\n\n\n<p>\u201cVou entrar com uma representa\u00e7\u00e3o no partido pedindo a suspens\u00e3o das suas fun\u00e7\u00f5es partid\u00e1rias e tamb\u00e9m encaminhar processo no nosso Conselho de \u00c9tica. Ele [Eduardo] vem agredindo deputados e o pr\u00f3prio partido de forma injusta e irrespons\u00e1vel. Quanto antes suspender, melhor\u201d, disse Bozzela.<\/p>\n\n\n\n<p>Al\u00e9m da suspens\u00e3o, aliados de Luciano Bivar tamb\u00e9m querem que Eduardo Bolsonaro seja retirado da presid\u00eancia do partido em S\u00e3o Paulo, e o senador Fl\u00e1vio Bolsonaro (PSL-RJ), da presid\u00eancia da legenda no Rio de Janeiro.<\/p>\n\n\n\n<p>\u201cO problema n\u00e3o \u00e9 Jair Bolsonaro, o problema s\u00e3o os filhos, que atrapalham ele. N\u00f3s estamos h\u00e1 uma semana com o pa\u00eds parado por causa dos caprichos de um dos filhos, que quer ser tudo e n\u00e3o \u00e9 nada e vive atacando integrantes do partido\u201d, declarou Bozzela.<\/p>\n\n\n\n<p>Ele se referiu \u00e0 tentativa de Eduardo de assumir a lideran\u00e7a do PSL e ao fato de o presidente Jair Bolsonaro j\u00e1 ter dito que indicar\u00e1 o filho para a Embaixada do Brasil em Washington (EU).<\/p>\n","protected":false},"excerpt":{"rendered":"<p>Eduardo Bolsonaro \u00e9 filho do presidente Jair Bolsonaro e est\u00e1 no centro da disputa pela lideran\u00e7a do partido na C\u00e2mara. Enquanto a ala bolsonarista tenta&hellip; <\/p>\n","protected":false},"author":1,"featured_media":109426,"comment_status":"closed","ping_status":"closed","sticky":false,"template":"","format":"standard","meta":{"sfsi_plus_gutenberg_text_before_share":"","sfsi_plus_gutenberg_show_text_before_share":"","sfsi_plus_gutenberg_icon_type":"","sfsi_plus_gutenberg_icon_alignemt":"","sfsi_plus_gutenburg_max_per_row":"","footnotes":""},"categories":[2],"tags":[],"class_list":["post-128585","post","type-post","status-publish","format-standard","has-post-thumbnail","hentry","category-geral"],"_links":{"self":[{"href":"https:\/\/www.caririemacao.com\/1\/wp-json\/wp\/v2\/posts\/128585","targetHints":{"allow":["GET"]}}],"collection":[{"href":"https:\/\/www.caririemacao.com\/1\/wp-json\/wp\/v2\/posts"}],"about":[{"href":"https:\/\/www.caririemacao.com\/1\/wp-json\/wp\/v2\/types\/post"}],"author":[{"embeddable":true,"href":"https:\/\/www.caririemacao.com\/1\/wp-json\/wp\/v2\/users\/1"}],"replies":[{"embeddable":true,"href":"https:\/\/www.caririemacao.com\/1\/wp-json\/wp\/v2\/comments?post=128585"}],"version-history":[{"count":1,"href":"https:\/\/www.caririemacao.com\/1\/wp-json\/wp\/v2\/posts\/128585\/revisions"}],"predecessor-version":[{"id":128586,"href":"https:\/\/www.caririemacao.com\/1\/wp-json\/wp\/v2\/posts\/128585\/revisions\/128586"}],"wp:featuredmedia":[{"embeddable":true,"href":"https:\/\/www.caririemacao.com\/1\/wp-json\/wp\/v2\/media\/109426"}],"wp:attachment":[{"href":"https:\/\/www.caririemacao.com\/1\/wp-json\/wp\/v2\/media?parent=128585"}],"wp:term":[{"taxonomy":"category","embeddable":true,"href":"https:\/\/www.caririemacao.com\/1\/wp-json\/wp\/v2\/categories?post=128585"},{"taxonomy":"post_tag","embeddable":true,"href":"https:\/\/www.caririemacao.com\/1\/wp-json\/wp\/v2\/tags?post=128585"}],"curies":[{"name":"wp","href":"https:\/\/api.w.org\/{rel}","templated":true}]}}