{"id":128590,"date":"2019-10-21T08:01:33","date_gmt":"2019-10-21T11:01:33","guid":{"rendered":"http:\/\/www.caririemacao.com\/1\/?p=128590"},"modified":"2019-10-21T08:01:33","modified_gmt":"2019-10-21T11:01:33","slug":"cancer-de-mama-da-tristeza-do-diagnostico-a-esperanca-de-cura","status":"publish","type":"post","link":"https:\/\/www.caririemacao.com\/1\/2019\/10\/21\/cancer-de-mama-da-tristeza-do-diagnostico-a-esperanca-de-cura\/","title":{"rendered":"C\u00e2ncer de mama: da tristeza do diagn\u00f3stico \u00e0 esperan\u00e7a de cura"},"content":{"rendered":"\n<p>O ano de 2019 deve terminar com pelo menos 880 mulheres diagnosticadas com c\u00e2ncer de mama na Para\u00edba, segundo estimativa \u00e9 do Instituto Nacional do C\u00e2ncer (INCA). O estado tamb\u00e9m \u00e9 um dos 14 do Brasil onde a confirma\u00e7\u00e3o de c\u00e2ncer vem sendo realizado de maneira tardia, com a doen\u00e7a em est\u00e1gio j\u00e1 avan\u00e7ado. Al\u00e9m disso, dados do Sistema de Informa\u00e7\u00e3o sobre Mortalidade da Secretaria Estadual de Sa\u00fade (SES-PB) mostram um aumento de 20% nos \u00f3bitos provocados pela doen\u00e7a.<\/p>\n\n\n\n<p>Os n\u00fameros s\u00e3o assustadores e revelam problemas entre a preven\u00e7\u00e3o e o tratamento do c\u00e2ncer do estado. Mas o que eles n\u00e3o mostram s\u00e3o as hist\u00f3rias de vida de mulheres afetadas pela not\u00edcia de que a sa\u00fade est\u00e1 comprometida: as batalhas di\u00e1rias de um tratamento dif\u00edcil e a necessidade de, muitas vezes, aceitarem mudan\u00e7as em seus corpos.<\/p>\n\n\n\n<p>Para ouvir essas hist\u00f3rias o&nbsp;<strong>Rep\u00f3rter MaisPB<\/strong>&nbsp;desta semana ouviu duas paraibanas que est\u00e3o passando pelo tratamento contra o c\u00e2ncer de mama, umas delas em fase avan\u00e7ada dos cuidados e a outra ainda em fase inicial. Em meio ao sofrimento de enfrentarem uma situa\u00e7\u00e3o dif\u00edcil, o conforto de contarem com o apoio de amigos e familiares, de outras mulheres que passam pelo mesmo problema e das equipes m\u00e9dicas que, segundo elas mesmas, t\u00eam dado toda a assist\u00eancia no caminho para a cura.<\/p>\n\n\n\n<p>A equipe tamb\u00e9m esteve no Hospital Napole\u00e3o Laureano, refer\u00eancia no tratamento do c\u00e2ncer no estado, mas que enfrenta problemas financeiros que colocam em risco o atendimento de centenas de pacientes. \u00c9 l\u00e1 que 75% dos casos de c\u00e2ncer da Para\u00edba s\u00e3o acompanhados e \u00e9 l\u00e1 onde a esperan\u00e7a dessas pessoas se renova a cada nova etapa do tratamento.<\/p>\n\n\n\n<p>Confira:<\/p>\n\n\n\n<figure><iframe width=\"590\" height=\"332\" data-src=\"https:\/\/www.youtube.com\/embed\/8_NWN-Sh03s?version=3&amp;rel=1&amp;fs=1&amp;autohide=2&amp;showsearch=0&amp;showinfo=1&amp;iv_load_policy=1&amp;wmode=transparent\" allowfullscreen=\"true\" src=\"data:image\/svg+xml;base64,PHN2ZyB3aWR0aD0iMSIgaGVpZ2h0PSIxIiB4bWxucz0iaHR0cDovL3d3dy53My5vcmcvMjAwMC9zdmciPjwvc3ZnPg==\" class=\"lazyload\" data-load-mode=\"1\"><\/iframe><\/figure>\n\n\n\n<p><strong>MaisPB<\/strong><\/p>\n","protected":false},"excerpt":{"rendered":"<p>O ano de 2019 deve terminar com pelo menos 880 mulheres diagnosticadas com c\u00e2ncer de mama na Para\u00edba, segundo estimativa \u00e9 do Instituto Nacional do&hellip; <\/p>\n","protected":false},"author":1,"featured_media":122895,"comment_status":"closed","ping_status":"closed","sticky":false,"template":"","format":"standard","meta":{"sfsi_plus_gutenberg_text_before_share":"","sfsi_plus_gutenberg_show_text_before_share":"","sfsi_plus_gutenberg_icon_type":"","sfsi_plus_gutenberg_icon_alignemt":"","sfsi_plus_gutenburg_max_per_row":"","footnotes":""},"categories":[16],"tags":[],"class_list":["post-128590","post","type-post","status-publish","format-standard","has-post-thumbnail","hentry","category-saude"],"_links":{"self":[{"href":"https:\/\/www.caririemacao.com\/1\/wp-json\/wp\/v2\/posts\/128590","targetHints":{"allow":["GET"]}}],"collection":[{"href":"https:\/\/www.caririemacao.com\/1\/wp-json\/wp\/v2\/posts"}],"about":[{"href":"https:\/\/www.caririemacao.com\/1\/wp-json\/wp\/v2\/types\/post"}],"author":[{"embeddable":true,"href":"https:\/\/www.caririemacao.com\/1\/wp-json\/wp\/v2\/users\/1"}],"replies":[{"embeddable":true,"href":"https:\/\/www.caririemacao.com\/1\/wp-json\/wp\/v2\/comments?post=128590"}],"version-history":[{"count":1,"href":"https:\/\/www.caririemacao.com\/1\/wp-json\/wp\/v2\/posts\/128590\/revisions"}],"predecessor-version":[{"id":128591,"href":"https:\/\/www.caririemacao.com\/1\/wp-json\/wp\/v2\/posts\/128590\/revisions\/128591"}],"wp:featuredmedia":[{"embeddable":true,"href":"https:\/\/www.caririemacao.com\/1\/wp-json\/wp\/v2\/media\/122895"}],"wp:attachment":[{"href":"https:\/\/www.caririemacao.com\/1\/wp-json\/wp\/v2\/media?parent=128590"}],"wp:term":[{"taxonomy":"category","embeddable":true,"href":"https:\/\/www.caririemacao.com\/1\/wp-json\/wp\/v2\/categories?post=128590"},{"taxonomy":"post_tag","embeddable":true,"href":"https:\/\/www.caririemacao.com\/1\/wp-json\/wp\/v2\/tags?post=128590"}],"curies":[{"name":"wp","href":"https:\/\/api.w.org\/{rel}","templated":true}]}}