{"id":128597,"date":"2019-10-21T08:07:27","date_gmt":"2019-10-21T11:07:27","guid":{"rendered":"http:\/\/www.caririemacao.com\/1\/?p=128597"},"modified":"2019-10-21T08:07:27","modified_gmt":"2019-10-21T11:07:27","slug":"bandidos-arrombam-igreja-do-alto-do-cemiterio-em-monteiro-e-leva-varios-objetos","status":"publish","type":"post","link":"https:\/\/www.caririemacao.com\/1\/2019\/10\/21\/bandidos-arrombam-igreja-do-alto-do-cemiterio-em-monteiro-e-leva-varios-objetos\/","title":{"rendered":"Bandidos arrombam Igreja do Alto do Cemit\u00e9rio em Monteiro e leva v\u00e1rios objetos"},"content":{"rendered":"\n<p>A Igreja do Alto do Cemit\u00e9rio localizado na rua Jurandir Silveira de Souza, foi alvo de bandidos na madrugada de sexta para s\u00e1bado (19), em Monteiro no cariri paraibano.<\/p>\n\n\n\n<p>De acordo com informa\u00e7\u00f5es apuradas, os bandidos arrombam uma porta que fica na parte de tr\u00e1s, furtam um gela \u00e1gua, caixa de som, tr\u00eas microfones e outros objetos.<\/p>\n","protected":false},"excerpt":{"rendered":"<p>A Igreja do Alto do Cemit\u00e9rio localizado na rua Jurandir Silveira de Souza, foi alvo de bandidos na madrugada de sexta para s\u00e1bado (19), em&hellip; <\/p>\n","protected":false},"author":1,"featured_media":128598,"comment_status":"closed","ping_status":"closed","sticky":false,"template":"","format":"standard","meta":{"sfsi_plus_gutenberg_text_before_share":"","sfsi_plus_gutenberg_show_text_before_share":"","sfsi_plus_gutenberg_icon_type":"","sfsi_plus_gutenberg_icon_alignemt":"","sfsi_plus_gutenburg_max_per_row":"","footnotes":""},"categories":[12],"tags":[],"class_list":["post-128597","post","type-post","status-publish","format-standard","has-post-thumbnail","hentry","category-policia"],"_links":{"self":[{"href":"https:\/\/www.caririemacao.com\/1\/wp-json\/wp\/v2\/posts\/128597","targetHints":{"allow":["GET"]}}],"collection":[{"href":"https:\/\/www.caririemacao.com\/1\/wp-json\/wp\/v2\/posts"}],"about":[{"href":"https:\/\/www.caririemacao.com\/1\/wp-json\/wp\/v2\/types\/post"}],"author":[{"embeddable":true,"href":"https:\/\/www.caririemacao.com\/1\/wp-json\/wp\/v2\/users\/1"}],"replies":[{"embeddable":true,"href":"https:\/\/www.caririemacao.com\/1\/wp-json\/wp\/v2\/comments?post=128597"}],"version-history":[{"count":1,"href":"https:\/\/www.caririemacao.com\/1\/wp-json\/wp\/v2\/posts\/128597\/revisions"}],"predecessor-version":[{"id":128599,"href":"https:\/\/www.caririemacao.com\/1\/wp-json\/wp\/v2\/posts\/128597\/revisions\/128599"}],"wp:featuredmedia":[{"embeddable":true,"href":"https:\/\/www.caririemacao.com\/1\/wp-json\/wp\/v2\/media\/128598"}],"wp:attachment":[{"href":"https:\/\/www.caririemacao.com\/1\/wp-json\/wp\/v2\/media?parent=128597"}],"wp:term":[{"taxonomy":"category","embeddable":true,"href":"https:\/\/www.caririemacao.com\/1\/wp-json\/wp\/v2\/categories?post=128597"},{"taxonomy":"post_tag","embeddable":true,"href":"https:\/\/www.caririemacao.com\/1\/wp-json\/wp\/v2\/tags?post=128597"}],"curies":[{"name":"wp","href":"https:\/\/api.w.org\/{rel}","templated":true}]}}