{"id":128605,"date":"2019-10-21T08:09:02","date_gmt":"2019-10-21T11:09:02","guid":{"rendered":"http:\/\/www.caririemacao.com\/1\/?p=128605"},"modified":"2019-10-21T08:09:02","modified_gmt":"2019-10-21T11:09:02","slug":"governo-publica-edital-com-189-vagas-para-servidores-temporarios","status":"publish","type":"post","link":"https:\/\/www.caririemacao.com\/1\/2019\/10\/21\/governo-publica-edital-com-189-vagas-para-servidores-temporarios\/","title":{"rendered":"Governo publica edital com 189 vagas para servidores tempor\u00e1rios"},"content":{"rendered":"\n<p>O Governo do Estado publicou, neste s\u00e1bado (19), edital para contrata\u00e7\u00e3o de 189 servidores tempor\u00e1rios para atua\u00e7\u00e3o nos Centros de Refer\u00eancia Especializado da Assist\u00eancia Social (CREAS) em v\u00e1rias regi\u00f5es da Para\u00edba.<\/p>\n\n\n\n<p>De acordo a publica\u00e7\u00e3o no Di\u00e1rio Oficial do Estado (DOE), as vagas ofertadas s\u00e3o de coordenador (a), advogada(o), assistente social, educador social(a), psic\u00f3loga(o), auxiliar administrativo e motorista. Ambos ser\u00e3o lotados na Secretaria de Desenvolvimento Humano do Governo Jo\u00e3o Azev\u00eado.<\/p>\n\n\n\n<p>O processo seletivo simplificado ter\u00e1 validade de 12 (doze) meses, a contar de janeiro de 2020 podendo ser prorrogado por igual. A escolha dos profissionais ser\u00e1 realizada por meio de curr\u00edculo, prova de t\u00edtulos, carta de inten\u00e7\u00f5es e entrevista oral.<\/p>\n\n\n\n<p>O candidato precisa comprova\u00e7\u00e3o do grau de escolaridade pertinente \u00e0 fun\u00e7\u00e3o a qual deseja concorrer, n\u00e3o ter praticado crimes contra mulheres, crian\u00e7as e adolescente, idosos e pessoas com defici\u00eancia, p\u00fablico LGBTQI+ e homem.<\/p>\n","protected":false},"excerpt":{"rendered":"<p>O Governo do Estado publicou, neste s\u00e1bado (19), edital para contrata\u00e7\u00e3o de 189 servidores tempor\u00e1rios para atua\u00e7\u00e3o nos Centros de Refer\u00eancia Especializado da Assist\u00eancia Social&hellip; <\/p>\n","protected":false},"author":1,"featured_media":105886,"comment_status":"closed","ping_status":"closed","sticky":false,"template":"","format":"standard","meta":{"sfsi_plus_gutenberg_text_before_share":"","sfsi_plus_gutenberg_show_text_before_share":"","sfsi_plus_gutenberg_icon_type":"","sfsi_plus_gutenberg_icon_alignemt":"","sfsi_plus_gutenburg_max_per_row":"","footnotes":""},"categories":[2],"tags":[],"class_list":["post-128605","post","type-post","status-publish","format-standard","has-post-thumbnail","hentry","category-geral"],"_links":{"self":[{"href":"https:\/\/www.caririemacao.com\/1\/wp-json\/wp\/v2\/posts\/128605","targetHints":{"allow":["GET"]}}],"collection":[{"href":"https:\/\/www.caririemacao.com\/1\/wp-json\/wp\/v2\/posts"}],"about":[{"href":"https:\/\/www.caririemacao.com\/1\/wp-json\/wp\/v2\/types\/post"}],"author":[{"embeddable":true,"href":"https:\/\/www.caririemacao.com\/1\/wp-json\/wp\/v2\/users\/1"}],"replies":[{"embeddable":true,"href":"https:\/\/www.caririemacao.com\/1\/wp-json\/wp\/v2\/comments?post=128605"}],"version-history":[{"count":1,"href":"https:\/\/www.caririemacao.com\/1\/wp-json\/wp\/v2\/posts\/128605\/revisions"}],"predecessor-version":[{"id":128606,"href":"https:\/\/www.caririemacao.com\/1\/wp-json\/wp\/v2\/posts\/128605\/revisions\/128606"}],"wp:featuredmedia":[{"embeddable":true,"href":"https:\/\/www.caririemacao.com\/1\/wp-json\/wp\/v2\/media\/105886"}],"wp:attachment":[{"href":"https:\/\/www.caririemacao.com\/1\/wp-json\/wp\/v2\/media?parent=128605"}],"wp:term":[{"taxonomy":"category","embeddable":true,"href":"https:\/\/www.caririemacao.com\/1\/wp-json\/wp\/v2\/categories?post=128605"},{"taxonomy":"post_tag","embeddable":true,"href":"https:\/\/www.caririemacao.com\/1\/wp-json\/wp\/v2\/tags?post=128605"}],"curies":[{"name":"wp","href":"https:\/\/api.w.org\/{rel}","templated":true}]}}