{"id":128618,"date":"2019-10-21T08:12:47","date_gmt":"2019-10-21T11:12:47","guid":{"rendered":"http:\/\/www.caririemacao.com\/1\/?p=128618"},"modified":"2019-10-21T08:12:47","modified_gmt":"2019-10-21T11:12:47","slug":"cobertura-vacinal-contra-sarampo-atinge-88-do-publico-alvo","status":"publish","type":"post","link":"https:\/\/www.caririemacao.com\/1\/2019\/10\/21\/cobertura-vacinal-contra-sarampo-atinge-88-do-publico-alvo\/","title":{"rendered":"Cobertura vacinal contra sarampo atinge 88% do p\u00fablico alvo"},"content":{"rendered":"\n<p>\u00a0O balan\u00e7o parcial da campanha nacional contra o sarampo aponta que 88% das crian\u00e7as entre 1 e 2 anos receberam pelo menos uma dose da vacina contra a doen\u00e7a. Essa faixa et\u00e1ria \u00e9 utilizada como par\u00e2metro para o acompanhar a cobertura vacinal em todo o pa\u00eds. Neste s\u00e1bado, em todo o pa\u00eds, foi realizado o Dia D, uma parceria do Minist\u00e9rio da Sa\u00fade com as secretarias estaduais e municipais de sa\u00fade, que tem como objetivo refor\u00e7ar a import\u00e2ncia da vacina\u00e7\u00e3o de crian\u00e7as de 6 meses a menores de 5 anos. Para esse p\u00fablico, a mobiliza\u00e7\u00e3o continua at\u00e9 o dia 25 de outubro.<\/p>\n\n\n\n<p>As crian\u00e7as s\u00e3o mais suscet\u00edveis \u00e0s complica\u00e7\u00f5es da doen\u00e7a, que podem evoluir para \u00f3bito. Nos \u00faltimos 90 dias, foram confirmados 13 mortes pela doen\u00e7a no Brasil, sendo sete (53,8%) em menores de cinco anos de idade, dois (15,4%) na faixa et\u00e1ria de 20 a 39 anos e quatro (30,8%) em adultos maiores de 40 anos.<\/p>\n\n\n\n<p>Ainda de acordo com o \u00faltimo boletim epidemiol\u00f3gico de sarampo, do Minist\u00e9rio da Sa\u00fade, o Brasil registrou, nos \u00faltimos 90 dias, 6.192 casos confirmados de sarampo, o que corresponde a aumento de 15% em rela\u00e7\u00e3o ao per\u00edodo de monitoramento anterior. Vinte estados est\u00e3o na lista de transmiss\u00e3o ativa da doen\u00e7a e 96% dos casos confirmados est\u00e3o concentrados no estado de S\u00e3o Paulo, em 192 munic\u00edpios<\/p>\n\n\n\n<p>O Minist\u00e9rio da Sa\u00fade distribuir\u00e1 neste ano 60,2 milh\u00f5es de doses da vacina tr\u00edplice viral, que previne contra sarampo, rub\u00e9ola e caxumba, representando a maior oferta de vacinas contra o sarampo dos \u00faltimos 10 anos.<\/p>\n\n\n\n<p><em>Ag\u00eancia Sa\u00fade<\/em><\/p>\n","protected":false},"excerpt":{"rendered":"<p>\u00a0O balan\u00e7o parcial da campanha nacional contra o sarampo aponta que 88% das crian\u00e7as entre 1 e 2 anos receberam pelo menos uma dose da&hellip; <\/p>\n","protected":false},"author":1,"featured_media":102690,"comment_status":"closed","ping_status":"closed","sticky":false,"template":"","format":"standard","meta":{"sfsi_plus_gutenberg_text_before_share":"","sfsi_plus_gutenberg_show_text_before_share":"","sfsi_plus_gutenberg_icon_type":"","sfsi_plus_gutenberg_icon_alignemt":"","sfsi_plus_gutenburg_max_per_row":"","footnotes":""},"categories":[16],"tags":[],"class_list":["post-128618","post","type-post","status-publish","format-standard","has-post-thumbnail","hentry","category-saude"],"_links":{"self":[{"href":"https:\/\/www.caririemacao.com\/1\/wp-json\/wp\/v2\/posts\/128618","targetHints":{"allow":["GET"]}}],"collection":[{"href":"https:\/\/www.caririemacao.com\/1\/wp-json\/wp\/v2\/posts"}],"about":[{"href":"https:\/\/www.caririemacao.com\/1\/wp-json\/wp\/v2\/types\/post"}],"author":[{"embeddable":true,"href":"https:\/\/www.caririemacao.com\/1\/wp-json\/wp\/v2\/users\/1"}],"replies":[{"embeddable":true,"href":"https:\/\/www.caririemacao.com\/1\/wp-json\/wp\/v2\/comments?post=128618"}],"version-history":[{"count":1,"href":"https:\/\/www.caririemacao.com\/1\/wp-json\/wp\/v2\/posts\/128618\/revisions"}],"predecessor-version":[{"id":128619,"href":"https:\/\/www.caririemacao.com\/1\/wp-json\/wp\/v2\/posts\/128618\/revisions\/128619"}],"wp:featuredmedia":[{"embeddable":true,"href":"https:\/\/www.caririemacao.com\/1\/wp-json\/wp\/v2\/media\/102690"}],"wp:attachment":[{"href":"https:\/\/www.caririemacao.com\/1\/wp-json\/wp\/v2\/media?parent=128618"}],"wp:term":[{"taxonomy":"category","embeddable":true,"href":"https:\/\/www.caririemacao.com\/1\/wp-json\/wp\/v2\/categories?post=128618"},{"taxonomy":"post_tag","embeddable":true,"href":"https:\/\/www.caririemacao.com\/1\/wp-json\/wp\/v2\/tags?post=128618"}],"curies":[{"name":"wp","href":"https:\/\/api.w.org\/{rel}","templated":true}]}}