{"id":128633,"date":"2019-10-21T10:10:40","date_gmt":"2019-10-21T13:10:40","guid":{"rendered":"http:\/\/www.caririemacao.com\/1\/?p=128633"},"modified":"2019-10-21T10:10:40","modified_gmt":"2019-10-21T13:10:40","slug":"vice-presidente-hamilton-mourao-vira-a-paraiba-para-participar-de-evento-sobre-empreendedorismo","status":"publish","type":"post","link":"https:\/\/www.caririemacao.com\/1\/2019\/10\/21\/vice-presidente-hamilton-mourao-vira-a-paraiba-para-participar-de-evento-sobre-empreendedorismo\/","title":{"rendered":"Vice-presidente Hamilton Mour\u00e3o vir\u00e1 \u00e0 Para\u00edba para participar de evento sobre empreendedorismo"},"content":{"rendered":"\n<p>Jo\u00e3o Pessoa vai sediar de 4 a 8 de novembro deste ano a Semana Estadual do Empreendedorismo. O evento reunir\u00e1 nomes nacionais e internacionais, a exemplo do vice-presidente do pa\u00eds, o general Hamilton Mour\u00e3o, para discutir temas como empreendedorismo 4.0, economia criativa, startups, potencialidades paraibanas, empreendedorismo feminino e desafios do desenvolvimento do Semi\u00e1rido Paraibano. Al\u00e9m disso, haver\u00e1 espa\u00e7o para exposi\u00e7\u00e3o de produtos e servi\u00e7os e rodadas de neg\u00f3cio. A programa\u00e7\u00e3o vai acontecer no audit\u00f3rio da Faculdade Maur\u00edcio de Nassau.<\/p>\n\n\n\n<p>A Semana Estadual do Empreendedorismo \u00e9 fruto de uma lei de autoria do presidente da Frente Parlamentar de Empreendedorismo e Desenvolvimento Econ\u00f4mico da Assembleia Legislativa da Para\u00edba (ALPB), deputado Eduardo Carneiro (PRTB). O evento visa discutir e propor a\u00e7\u00f5es de incentivo ao empreendedorismo de micro e pequenas empresas, empresas individuais e cooperativismo em todo Estado da Para\u00edba.<\/p>\n\n\n\n<p>Eduardo Carneiro vem desenvolvendo a\u00e7\u00f5es para incentivar a gera\u00e7\u00e3o de emprego e renda no Estado. Al\u00e9m de debater constantemente o tema, promover reuni\u00f5es e cursos de capacita\u00e7\u00e3o para empreendedores, o parlamentar vem trabalhando na reformula\u00e7\u00e3o de leis que emperram o desenvolvimento de neg\u00f3cios. O deputado tamb\u00e9m vem divulgando produtos paraibanos com potencialidade de exporta\u00e7\u00e3o.<\/p>\n\n\n\n<p>Al\u00e9m de Mour\u00e3o, tamb\u00e9m est\u00e3o confirmados o embaixador de Taiwan Her Jian-Gueng; Secret\u00e1ria Nacional da Juventude, Jayana Nicaretta; o fundador da Universidade Mauricio de Nassau, Janguie Diniz; e o&nbsp; o embaixador do Turismo Brasileiro em Los Angeles, Frederico Lapenda.<\/p>\n","protected":false},"excerpt":{"rendered":"<p>Jo\u00e3o Pessoa vai sediar de 4 a 8 de novembro deste ano a Semana Estadual do Empreendedorismo. O evento reunir\u00e1 nomes nacionais e internacionais, a&hellip; <\/p>\n","protected":false},"author":1,"featured_media":99257,"comment_status":"closed","ping_status":"closed","sticky":false,"template":"","format":"standard","meta":{"sfsi_plus_gutenberg_text_before_share":"","sfsi_plus_gutenberg_show_text_before_share":"","sfsi_plus_gutenberg_icon_type":"","sfsi_plus_gutenberg_icon_alignemt":"","sfsi_plus_gutenburg_max_per_row":"","footnotes":""},"categories":[2],"tags":[],"class_list":["post-128633","post","type-post","status-publish","format-standard","has-post-thumbnail","hentry","category-geral"],"_links":{"self":[{"href":"https:\/\/www.caririemacao.com\/1\/wp-json\/wp\/v2\/posts\/128633","targetHints":{"allow":["GET"]}}],"collection":[{"href":"https:\/\/www.caririemacao.com\/1\/wp-json\/wp\/v2\/posts"}],"about":[{"href":"https:\/\/www.caririemacao.com\/1\/wp-json\/wp\/v2\/types\/post"}],"author":[{"embeddable":true,"href":"https:\/\/www.caririemacao.com\/1\/wp-json\/wp\/v2\/users\/1"}],"replies":[{"embeddable":true,"href":"https:\/\/www.caririemacao.com\/1\/wp-json\/wp\/v2\/comments?post=128633"}],"version-history":[{"count":1,"href":"https:\/\/www.caririemacao.com\/1\/wp-json\/wp\/v2\/posts\/128633\/revisions"}],"predecessor-version":[{"id":128634,"href":"https:\/\/www.caririemacao.com\/1\/wp-json\/wp\/v2\/posts\/128633\/revisions\/128634"}],"wp:featuredmedia":[{"embeddable":true,"href":"https:\/\/www.caririemacao.com\/1\/wp-json\/wp\/v2\/media\/99257"}],"wp:attachment":[{"href":"https:\/\/www.caririemacao.com\/1\/wp-json\/wp\/v2\/media?parent=128633"}],"wp:term":[{"taxonomy":"category","embeddable":true,"href":"https:\/\/www.caririemacao.com\/1\/wp-json\/wp\/v2\/categories?post=128633"},{"taxonomy":"post_tag","embeddable":true,"href":"https:\/\/www.caririemacao.com\/1\/wp-json\/wp\/v2\/tags?post=128633"}],"curies":[{"name":"wp","href":"https:\/\/api.w.org\/{rel}","templated":true}]}}