{"id":128647,"date":"2019-10-21T13:55:21","date_gmt":"2019-10-21T16:55:21","guid":{"rendered":"http:\/\/www.caririemacao.com\/1\/?p=128647"},"modified":"2019-10-21T13:55:21","modified_gmt":"2019-10-21T16:55:21","slug":"sume-e-a-cidade-do-cariri-com-maior-geracao-de-emprego-com-carteira-assinada-aponta-dados-do-caged","status":"publish","type":"post","link":"https:\/\/www.caririemacao.com\/1\/2019\/10\/21\/sume-e-a-cidade-do-cariri-com-maior-geracao-de-emprego-com-carteira-assinada-aponta-dados-do-caged\/","title":{"rendered":"Sum\u00e9 \u00e9 a cidade do Cariri com maior gera\u00e7\u00e3o de emprego com carteira assinada, aponta dados do CAGED"},"content":{"rendered":"\n<p>Dados oficiais retirados do Cadastro Geral de Empregados e Desempregados (CAGED) mostram que Sum\u00e9 foi a cidade respons\u00e1vel pela maior gera\u00e7\u00e3o de empregos com carteira assinada em 2019. A cidade esteve a frente, inclusive, de Monteiro, maior munic\u00edpio da regi\u00e3o, al\u00e9m de Serra Branca, Tapero\u00e1, Boqueir\u00e3o e Juazeirinho, outros munic\u00edpios do mesmo porte na regi\u00e3o do Cariri.<\/p>\n\n\n\n<p>A cidade de Sum\u00e9, com uma popula\u00e7\u00e3o aproximada de 17.908 habitantes, aumentou 55 novos empregos de janeiro a setembro do corrente ano, contabilizando admiss\u00f5es e desligamentos neste per\u00edodo. Monteiro, que tem o dobro de popula\u00e7\u00e3o, para se ter uma ideia, conquistou apenas 15 novas vagas a mais. Serra Branca e Tapero\u00e1 tiveram decr\u00e9scimo de postos de trabalho criados com menos 3 vagas e menos 1 vaga gerada ao longo deste ano.<\/p>\n\n\n\n<p>Outras duas cidades que demonstraram crescimento foram Juazeirinho e Boqueir\u00e3o, respons\u00e1veis respectivamente por 28 e 46 postos de trabalho a mais este ano.<\/p>\n\n\n\n<p><strong>Veja a lista de empregos gerados por munic\u00edpio da regi\u00e3o:<\/strong><\/p>\n\n\n\n<figure class=\"wp-block-image\"><img decoding=\"async\" data-src=\"http:\/\/deolhonocariri.com.br\/wp-content\/uploads\/2019\/10\/dados_caged.jpeg\" alt=\"\" class=\"wp-image-73146 lazyload\" src=\"data:image\/svg+xml;base64,PHN2ZyB3aWR0aD0iMSIgaGVpZ2h0PSIxIiB4bWxucz0iaHR0cDovL3d3dy53My5vcmcvMjAwMC9zdmciPjwvc3ZnPg==\" \/><\/figure>\n\n\n\n<p><strong>De Olho no Cariri<\/strong><\/p>\n","protected":false},"excerpt":{"rendered":"<p>Dados oficiais retirados do Cadastro Geral de Empregados e Desempregados (CAGED) mostram que Sum\u00e9 foi a cidade respons\u00e1vel pela maior gera\u00e7\u00e3o de empregos com carteira&hellip; <\/p>\n","protected":false},"author":1,"featured_media":105957,"comment_status":"closed","ping_status":"closed","sticky":false,"template":"","format":"standard","meta":{"sfsi_plus_gutenberg_text_before_share":"","sfsi_plus_gutenberg_show_text_before_share":"","sfsi_plus_gutenberg_icon_type":"","sfsi_plus_gutenberg_icon_alignemt":"","sfsi_plus_gutenburg_max_per_row":"","footnotes":""},"categories":[2],"tags":[],"class_list":["post-128647","post","type-post","status-publish","format-standard","has-post-thumbnail","hentry","category-geral"],"_links":{"self":[{"href":"https:\/\/www.caririemacao.com\/1\/wp-json\/wp\/v2\/posts\/128647","targetHints":{"allow":["GET"]}}],"collection":[{"href":"https:\/\/www.caririemacao.com\/1\/wp-json\/wp\/v2\/posts"}],"about":[{"href":"https:\/\/www.caririemacao.com\/1\/wp-json\/wp\/v2\/types\/post"}],"author":[{"embeddable":true,"href":"https:\/\/www.caririemacao.com\/1\/wp-json\/wp\/v2\/users\/1"}],"replies":[{"embeddable":true,"href":"https:\/\/www.caririemacao.com\/1\/wp-json\/wp\/v2\/comments?post=128647"}],"version-history":[{"count":1,"href":"https:\/\/www.caririemacao.com\/1\/wp-json\/wp\/v2\/posts\/128647\/revisions"}],"predecessor-version":[{"id":128652,"href":"https:\/\/www.caririemacao.com\/1\/wp-json\/wp\/v2\/posts\/128647\/revisions\/128652"}],"wp:featuredmedia":[{"embeddable":true,"href":"https:\/\/www.caririemacao.com\/1\/wp-json\/wp\/v2\/media\/105957"}],"wp:attachment":[{"href":"https:\/\/www.caririemacao.com\/1\/wp-json\/wp\/v2\/media?parent=128647"}],"wp:term":[{"taxonomy":"category","embeddable":true,"href":"https:\/\/www.caririemacao.com\/1\/wp-json\/wp\/v2\/categories?post=128647"},{"taxonomy":"post_tag","embeddable":true,"href":"https:\/\/www.caririemacao.com\/1\/wp-json\/wp\/v2\/tags?post=128647"}],"curies":[{"name":"wp","href":"https:\/\/api.w.org\/{rel}","templated":true}]}}