{"id":128651,"date":"2019-10-21T14:01:26","date_gmt":"2019-10-21T17:01:26","guid":{"rendered":"http:\/\/www.caririemacao.com\/1\/?p=128651"},"modified":"2019-10-21T14:01:26","modified_gmt":"2019-10-21T17:01:26","slug":"homem-e-preso-por-trafico-de-drogas-posse-irregular-de-arma-de-fogo-e-crime-ambiental","status":"publish","type":"post","link":"https:\/\/www.caririemacao.com\/1\/2019\/10\/21\/homem-e-preso-por-trafico-de-drogas-posse-irregular-de-arma-de-fogo-e-crime-ambiental\/","title":{"rendered":"Homem \u00e9 preso por tr\u00e1fico de drogas\/Posse irregular de arma de fogo e crime ambiental"},"content":{"rendered":"\n<p>Em rondas realizadas na Vila da Papa, a PM parou em frente a casa de EDNAILSON ESPEDITO DOS SANTOS&#8221; VAQUEIRO&#8221;, para averiguar a situa\u00e7\u00e3o do ve\u00edculo fiesta prata, placa NLV-6865-AL, ao chamar o mesmo para que apresentasse a documenta\u00e7\u00e3o para a devida averigua\u00e7\u00e3o, o mesmo empreendeu fuga por tr\u00e1s da casa, carregando 01 sacola de pl\u00e1stico e se desfazendo de outras sacolas.<\/p>\n\n\n\n<p>O homem foi contido pela guarni\u00e7\u00e3o, onde conseguiu apreender aproximadamente 2 quilos e 400 gramas de maconha, aproximadamente 100 gramas de sementes de maconha, aproximadamente 480 gramas de coca\u00edna, 01 espingarda, marca Rossi, calibre 36, n\u00famero de s\u00e9rie 5119, oxidado, 21 cartuchos, calibre 36, marca cbc, 03 celulares, 03 p\u00e1ssaros engaiolados.<\/p>\n\n\n\n<p>O acusado j\u00e1 responde por tr\u00e1fico de drogas e posse irregular de arma de fogo, j\u00e1 bastante conhecido no meio policial. Diante do flagrante o mesmo foi apresentado na DP para as devidas provid\u00eancias. <\/p>\n","protected":false},"excerpt":{"rendered":"<p>Em rondas realizadas na Vila da Papa, a PM parou em frente a casa de EDNAILSON ESPEDITO DOS SANTOS&#8221; VAQUEIRO&#8221;, para averiguar a situa\u00e7\u00e3o do&hellip; <\/p>\n","protected":false},"author":1,"featured_media":128664,"comment_status":"closed","ping_status":"closed","sticky":false,"template":"","format":"standard","meta":{"sfsi_plus_gutenberg_text_before_share":"","sfsi_plus_gutenberg_show_text_before_share":"","sfsi_plus_gutenberg_icon_type":"","sfsi_plus_gutenberg_icon_alignemt":"","sfsi_plus_gutenburg_max_per_row":"","footnotes":""},"categories":[50,12],"tags":[],"class_list":["post-128651","post","type-post","status-publish","format-standard","has-post-thumbnail","hentry","category-destaque","category-policia"],"_links":{"self":[{"href":"https:\/\/www.caririemacao.com\/1\/wp-json\/wp\/v2\/posts\/128651","targetHints":{"allow":["GET"]}}],"collection":[{"href":"https:\/\/www.caririemacao.com\/1\/wp-json\/wp\/v2\/posts"}],"about":[{"href":"https:\/\/www.caririemacao.com\/1\/wp-json\/wp\/v2\/types\/post"}],"author":[{"embeddable":true,"href":"https:\/\/www.caririemacao.com\/1\/wp-json\/wp\/v2\/users\/1"}],"replies":[{"embeddable":true,"href":"https:\/\/www.caririemacao.com\/1\/wp-json\/wp\/v2\/comments?post=128651"}],"version-history":[{"count":1,"href":"https:\/\/www.caririemacao.com\/1\/wp-json\/wp\/v2\/posts\/128651\/revisions"}],"predecessor-version":[{"id":128667,"href":"https:\/\/www.caririemacao.com\/1\/wp-json\/wp\/v2\/posts\/128651\/revisions\/128667"}],"wp:featuredmedia":[{"embeddable":true,"href":"https:\/\/www.caririemacao.com\/1\/wp-json\/wp\/v2\/media\/128664"}],"wp:attachment":[{"href":"https:\/\/www.caririemacao.com\/1\/wp-json\/wp\/v2\/media?parent=128651"}],"wp:term":[{"taxonomy":"category","embeddable":true,"href":"https:\/\/www.caririemacao.com\/1\/wp-json\/wp\/v2\/categories?post=128651"},{"taxonomy":"post_tag","embeddable":true,"href":"https:\/\/www.caririemacao.com\/1\/wp-json\/wp\/v2\/tags?post=128651"}],"curies":[{"name":"wp","href":"https:\/\/api.w.org\/{rel}","templated":true}]}}