{"id":128658,"date":"2019-10-21T13:58:27","date_gmt":"2019-10-21T16:58:27","guid":{"rendered":"http:\/\/www.caririemacao.com\/1\/?p=128658"},"modified":"2019-10-21T13:58:27","modified_gmt":"2019-10-21T16:58:27","slug":"vereador-paraibano-e-espancado-e-acusa-equipe-da-prefeitura","status":"publish","type":"post","link":"https:\/\/www.caririemacao.com\/1\/2019\/10\/21\/vereador-paraibano-e-espancado-e-acusa-equipe-da-prefeitura\/","title":{"rendered":"Vereador paraibano \u00e9 espancado e acusa equipe da prefeitura"},"content":{"rendered":"\n<p>O vereador Pablo Dantas, do munic\u00edpio de Tavares, Sert\u00e3o paraibano, divulgou, nesse domingo (20), um v\u00eddeo no Facebook acusando a equipe do prefeito Ailton Nixon, de tentativa de homic\u00eddio. Nas imagens, gravadas, segundo ele, nas depend\u00eancias do Hospital Regional de Princesa Isabel, o parlamentar aparece com o rosto cheio de hematomas.<\/p>\n\n\n\n<p>\u201cQuero agradecer aos meus vizinhos. Se n\u00e3o fosse por eles, eu estaria morto\u201d, disse o vereador. \u201cS\u00f3 n\u00e3o morri porque Deus \u00e9 maior\u201d, complementou, em outro trecho do v\u00eddeo.<\/p>\n\n\n\n<p>No v\u00eddeo, Pablo Dantas n\u00e3o deu detalhes de como ocorreu a agress\u00e3o, mas acusou pessoas ligadas \u00e0 prefeitura de terem cometido o ato. \u201cO chefe do gabinete da Prefeitura de Tavares conjuntamente com um cidad\u00e3o que tem a esposa dentro da gest\u00e3o tentaram me matar\u201d, falou o vereador, sem citar nomes.<\/p>\n\n\n\n<p>Ele ainda atribuiu a viol\u00eancia foi tentativa de repres\u00e1lia a \u00e0 sua atua\u00e7\u00e3o como parlamentar. \u201cAcredito que fruto de uma fiscaliza\u00e7\u00e3o que a gente fez durante a semana. E essa fiscaliza\u00e7\u00e3o comprovou in\u00fameras irregularidades\u201d, pontuou. Pablo n\u00e3o especificou quais seriam essas irregularidades. \u201cIndependente dessa tentativa de homic\u00eddio contra mim, vou manter esse trabalho de fiscaliza\u00e7\u00e3o\u201d, acrescentou.<\/p>\n\n\n\n<h2 class=\"wp-block-heading\"><strong>Pol\u00edcia vai investigar caso<\/strong><\/h2>\n\n\n\n<p>Pablo Dantas dever\u00e1 prestar depoimento nesta segunda-feira (21) \u00e0 Delegacia de Princesa Isabel. De acordo com a Pol\u00edcia Civil, o vereador esteve na delegacia logo ap\u00f3s sofrer as agress\u00f5es. O caso foi levado \u00e0 delegacia pela Pol\u00edcia Militar, primeira institui\u00e7\u00e3o acionada pelo parlamentar. Por estar sangrando, Pablo Dantas foi encaminhado ao hospital para fazer o exame de corpo delito e ficou acertado que ele voltaria \u00e0 delegacia ao longo desta segunda, para relatar o ocorrido. Ainda conforme a Pol\u00edcia Civil, a PM chegou a fazer buscas por um suspeito apontado por Pablo Dantas, mas n\u00e3o houve pris\u00f5es.<\/p>\n\n\n\n<h2 class=\"wp-block-heading\"><strong>Outro lado<\/strong><\/h2>\n\n\n\n<p>A reda\u00e7\u00e3o tentou, por diversas vezes, contato com o prefeito de Tavares, Ailton Nixon, mas o telefone estava na caixa de mensagens. O&nbsp;Portal Correio&nbsp;est\u00e1 aberto \u00e0 vers\u00e3o da prefeitura em rela\u00e7\u00e3o aos acontecimentos.<\/p>\n","protected":false},"excerpt":{"rendered":"<p>O vereador Pablo Dantas, do munic\u00edpio de Tavares, Sert\u00e3o paraibano, divulgou, nesse domingo (20), um v\u00eddeo no Facebook acusando a equipe do prefeito Ailton Nixon,&hellip; <\/p>\n","protected":false},"author":1,"featured_media":128659,"comment_status":"closed","ping_status":"closed","sticky":false,"template":"","format":"standard","meta":{"sfsi_plus_gutenberg_text_before_share":"","sfsi_plus_gutenberg_show_text_before_share":"","sfsi_plus_gutenberg_icon_type":"","sfsi_plus_gutenberg_icon_alignemt":"","sfsi_plus_gutenburg_max_per_row":"","footnotes":""},"categories":[12],"tags":[],"class_list":["post-128658","post","type-post","status-publish","format-standard","has-post-thumbnail","hentry","category-policia"],"_links":{"self":[{"href":"https:\/\/www.caririemacao.com\/1\/wp-json\/wp\/v2\/posts\/128658","targetHints":{"allow":["GET"]}}],"collection":[{"href":"https:\/\/www.caririemacao.com\/1\/wp-json\/wp\/v2\/posts"}],"about":[{"href":"https:\/\/www.caririemacao.com\/1\/wp-json\/wp\/v2\/types\/post"}],"author":[{"embeddable":true,"href":"https:\/\/www.caririemacao.com\/1\/wp-json\/wp\/v2\/users\/1"}],"replies":[{"embeddable":true,"href":"https:\/\/www.caririemacao.com\/1\/wp-json\/wp\/v2\/comments?post=128658"}],"version-history":[{"count":1,"href":"https:\/\/www.caririemacao.com\/1\/wp-json\/wp\/v2\/posts\/128658\/revisions"}],"predecessor-version":[{"id":128660,"href":"https:\/\/www.caririemacao.com\/1\/wp-json\/wp\/v2\/posts\/128658\/revisions\/128660"}],"wp:featuredmedia":[{"embeddable":true,"href":"https:\/\/www.caririemacao.com\/1\/wp-json\/wp\/v2\/media\/128659"}],"wp:attachment":[{"href":"https:\/\/www.caririemacao.com\/1\/wp-json\/wp\/v2\/media?parent=128658"}],"wp:term":[{"taxonomy":"category","embeddable":true,"href":"https:\/\/www.caririemacao.com\/1\/wp-json\/wp\/v2\/categories?post=128658"},{"taxonomy":"post_tag","embeddable":true,"href":"https:\/\/www.caririemacao.com\/1\/wp-json\/wp\/v2\/tags?post=128658"}],"curies":[{"name":"wp","href":"https:\/\/api.w.org\/{rel}","templated":true}]}}