{"id":128663,"date":"2019-10-21T14:01:24","date_gmt":"2019-10-21T17:01:24","guid":{"rendered":"http:\/\/www.caririemacao.com\/1\/?p=128663"},"modified":"2019-10-21T14:01:24","modified_gmt":"2019-10-21T17:01:24","slug":"prefeito-adriano-parabeniza-adriano-galdino-pelo-titulo-de-cidadao-pessoense-e-a-medalha-epitacio-pessoa","status":"publish","type":"post","link":"https:\/\/www.caririemacao.com\/1\/2019\/10\/21\/prefeito-adriano-parabeniza-adriano-galdino-pelo-titulo-de-cidadao-pessoense-e-a-medalha-epitacio-pessoa\/","title":{"rendered":"Prefeito Adriano parabeniza Adriano Galdino pelo t\u00edtulo de cidad\u00e3o pessoense e a medalha Epit\u00e1cio Pessoa"},"content":{"rendered":"\n<p>\n\nO Prefeito de S\u00e3o Sebasti\u00e3o do Umbuzeiro, Adriano Wolff, parabeniza o presidente da Assembleia Legislativa da Para\u00edba, Adriano Galdino (PSB), pela honraria de ser condecorado em um \u00fanico dia com o t\u00edtulo de cidad\u00e3o pessoense e a medalha Epit\u00e1cio Pessoa. A solenidade acontece nesta segunda-feira (21) durante sess\u00e3o conjunta realizada pela ALPB e a C\u00e2mara Municipal de Jo\u00e3o Pessoa (CMJP), no plen\u00e1rio Jos\u00e9 Mariz.<br>Adriano Wolff destacou a amizade e a lealdade que tem por Galdino e classificou como \u2018mais do que justa\u2019 a homenagem. Ele tamb\u00e9m parabenizou o deputado Ricardo Barbosa (PSB) e o vereador Dinho (PRP) pela iniciativa de propor a condecora\u00e7\u00e3o, reconhecendo o servi\u00e7o prestado por Adriano e sua luta por uma Para\u00edba cada vez melhor e mais justa para todos.<\/p>\n\n\n\n<p>\u201c\u00c9 uma homenagem t\u00e3o justa. O presidente Galdino \u00e9 merecedor e digno dessas duas mais altas comendas do Estado, sobretudo por sua hist\u00f3ria de vida, tendo sido gar\u00e7om, comerciante e hoje mostra que venceu n\u00e3o apenas na vida, na pol\u00edtica e tamb\u00e9m na arte de ser um grande ser humano\u201d, ressaltou.<\/p>\n\n\n\n<p>A solenidade de entrega das honrarias acontece logo mais \u00e0s 14h.<\/p>\n\n\n\n<p>O presidente da Assembleia Legislativa da Para\u00edba (ALPB), Adriano Galdino, receber\u00e1, nesta segunda-feira (21), o t\u00edtulo de cidad\u00e3o pessoense e a medalha Epit\u00e1cio Pessoa, durante sess\u00e3o solene realiza em conjunto pela ALPB e a C\u00e2mara Municipal de Jo\u00e3o Pessoa (CMJP), no plen\u00e1rio Jos\u00e9 Mariz a partir das 14h00.\n\n<\/p>\n","protected":false},"excerpt":{"rendered":"<p>O Prefeito de S\u00e3o Sebasti\u00e3o do Umbuzeiro, Adriano Wolff, parabeniza o presidente da Assembleia Legislativa da Para\u00edba, Adriano Galdino (PSB), pela honraria de ser condecorado&hellip; <\/p>\n","protected":false},"author":1,"featured_media":128665,"comment_status":"closed","ping_status":"closed","sticky":false,"template":"","format":"standard","meta":{"sfsi_plus_gutenberg_text_before_share":"","sfsi_plus_gutenberg_show_text_before_share":"","sfsi_plus_gutenberg_icon_type":"","sfsi_plus_gutenberg_icon_alignemt":"","sfsi_plus_gutenburg_max_per_row":"","footnotes":""},"categories":[2],"tags":[],"class_list":["post-128663","post","type-post","status-publish","format-standard","has-post-thumbnail","hentry","category-geral"],"_links":{"self":[{"href":"https:\/\/www.caririemacao.com\/1\/wp-json\/wp\/v2\/posts\/128663","targetHints":{"allow":["GET"]}}],"collection":[{"href":"https:\/\/www.caririemacao.com\/1\/wp-json\/wp\/v2\/posts"}],"about":[{"href":"https:\/\/www.caririemacao.com\/1\/wp-json\/wp\/v2\/types\/post"}],"author":[{"embeddable":true,"href":"https:\/\/www.caririemacao.com\/1\/wp-json\/wp\/v2\/users\/1"}],"replies":[{"embeddable":true,"href":"https:\/\/www.caririemacao.com\/1\/wp-json\/wp\/v2\/comments?post=128663"}],"version-history":[{"count":1,"href":"https:\/\/www.caririemacao.com\/1\/wp-json\/wp\/v2\/posts\/128663\/revisions"}],"predecessor-version":[{"id":128666,"href":"https:\/\/www.caririemacao.com\/1\/wp-json\/wp\/v2\/posts\/128663\/revisions\/128666"}],"wp:featuredmedia":[{"embeddable":true,"href":"https:\/\/www.caririemacao.com\/1\/wp-json\/wp\/v2\/media\/128665"}],"wp:attachment":[{"href":"https:\/\/www.caririemacao.com\/1\/wp-json\/wp\/v2\/media?parent=128663"}],"wp:term":[{"taxonomy":"category","embeddable":true,"href":"https:\/\/www.caririemacao.com\/1\/wp-json\/wp\/v2\/categories?post=128663"},{"taxonomy":"post_tag","embeddable":true,"href":"https:\/\/www.caririemacao.com\/1\/wp-json\/wp\/v2\/tags?post=128663"}],"curies":[{"name":"wp","href":"https:\/\/api.w.org\/{rel}","templated":true}]}}