{"id":128670,"date":"2019-10-21T14:03:41","date_gmt":"2019-10-21T17:03:41","guid":{"rendered":"http:\/\/www.caririemacao.com\/1\/?p=128670"},"modified":"2019-10-21T14:03:41","modified_gmt":"2019-10-21T17:03:41","slug":"momento-rosa-e-realizado-em-monteiro-atraindo-dezenas-de-mulheres-para-varias-atividades","status":"publish","type":"post","link":"https:\/\/www.caririemacao.com\/1\/2019\/10\/21\/momento-rosa-e-realizado-em-monteiro-atraindo-dezenas-de-mulheres-para-varias-atividades\/","title":{"rendered":"Momento Rosa \u00e9 realizado em Monteiro atraindo dezenas de mulheres para v\u00e1rias atividades"},"content":{"rendered":"\n<p> A Prefeitura de Monteiro vem realizando atividades di\u00e1rias ligadas ao Outubro Rosa em diversos setores. Pontuando o momento no Centro da Mulher, a prefeita Anna Lorena, juntamente com sua equipe prestigiaram o momento.<br>O evento foi iniciado com palestras apresentadas por diversos profissionais abordando o tema: Preven\u00e7\u00e3o contra o C\u00e2ncer de Mama, onde foram esclarecidas d\u00favidas e realizados diversos exames.<br>Para a prefeita Anna Lorena, o momento representa todo o cuidado que a Rede Municipal de Sa\u00fade tem com as mulheres \u201cAqui temos apoio direcionado \u00e0s mulheres, desde a hora em que se confirma a gravidez, bem como de acordo com as demais fases da vida da mulher. Hoje temos um mam\u00f3grafo de \u00faltima gera\u00e7\u00e3o, que substituiu o obsoleto; temos servi\u00e7o de ginecologia, atendimento m\u00e9dico para pacientes com gravidez de risco, acompanhamento gestacional e tantos outros. N\u00f3s somos refer\u00eancia em sa\u00fade n\u00e3o s\u00f3 a n\u00edvel Cariri, temos destaque no estado e tamb\u00e9m a n\u00edvel nacional com a implanta\u00e7\u00e3o doTratamento com Espuma Ecoguiada, que s\u00f3 existe aqui e em Salvador, enfim, temos uma rede assistencial bem suprida\u201d.<br>Ainda no momento, houveram sorteio de brindes e um lanche. A prefeita Anna Lorena fez quest\u00e3o de acompanhar algumas atividades realizadas naquele setor e conversar com in\u00fameros pacientes que fizeram quest\u00e3o de elogiar n\u00e3o s\u00f3 a sa\u00fade de Monteiro, bem como a execu\u00e7\u00e3o de diversos outros servi\u00e7os.<br><\/p>\n","protected":false},"excerpt":{"rendered":"<p>A Prefeitura de Monteiro vem realizando atividades di\u00e1rias ligadas ao Outubro Rosa em diversos setores. Pontuando o momento no Centro da Mulher, a prefeita Anna&hellip; <\/p>\n","protected":false},"author":1,"featured_media":128671,"comment_status":"closed","ping_status":"closed","sticky":false,"template":"","format":"standard","meta":{"sfsi_plus_gutenberg_text_before_share":"","sfsi_plus_gutenberg_show_text_before_share":"","sfsi_plus_gutenberg_icon_type":"","sfsi_plus_gutenberg_icon_alignemt":"","sfsi_plus_gutenburg_max_per_row":"","footnotes":""},"categories":[50,2],"tags":[],"class_list":["post-128670","post","type-post","status-publish","format-standard","has-post-thumbnail","hentry","category-destaque","category-geral"],"_links":{"self":[{"href":"https:\/\/www.caririemacao.com\/1\/wp-json\/wp\/v2\/posts\/128670","targetHints":{"allow":["GET"]}}],"collection":[{"href":"https:\/\/www.caririemacao.com\/1\/wp-json\/wp\/v2\/posts"}],"about":[{"href":"https:\/\/www.caririemacao.com\/1\/wp-json\/wp\/v2\/types\/post"}],"author":[{"embeddable":true,"href":"https:\/\/www.caririemacao.com\/1\/wp-json\/wp\/v2\/users\/1"}],"replies":[{"embeddable":true,"href":"https:\/\/www.caririemacao.com\/1\/wp-json\/wp\/v2\/comments?post=128670"}],"version-history":[{"count":1,"href":"https:\/\/www.caririemacao.com\/1\/wp-json\/wp\/v2\/posts\/128670\/revisions"}],"predecessor-version":[{"id":128672,"href":"https:\/\/www.caririemacao.com\/1\/wp-json\/wp\/v2\/posts\/128670\/revisions\/128672"}],"wp:featuredmedia":[{"embeddable":true,"href":"https:\/\/www.caririemacao.com\/1\/wp-json\/wp\/v2\/media\/128671"}],"wp:attachment":[{"href":"https:\/\/www.caririemacao.com\/1\/wp-json\/wp\/v2\/media?parent=128670"}],"wp:term":[{"taxonomy":"category","embeddable":true,"href":"https:\/\/www.caririemacao.com\/1\/wp-json\/wp\/v2\/categories?post=128670"},{"taxonomy":"post_tag","embeddable":true,"href":"https:\/\/www.caririemacao.com\/1\/wp-json\/wp\/v2\/tags?post=128670"}],"curies":[{"name":"wp","href":"https:\/\/api.w.org\/{rel}","templated":true}]}}