{"id":128679,"date":"2019-10-21T14:05:56","date_gmt":"2019-10-21T17:05:56","guid":{"rendered":"http:\/\/www.caririemacao.com\/1\/?p=128679"},"modified":"2019-10-21T14:05:56","modified_gmt":"2019-10-21T17:05:56","slug":"prefeitura-municipal-de-monteiro-emite-comunicado-referente-ao-servico-de-convivencia-e-fortalecimento-de-vinculos","status":"publish","type":"post","link":"https:\/\/www.caririemacao.com\/1\/2019\/10\/21\/prefeitura-municipal-de-monteiro-emite-comunicado-referente-ao-servico-de-convivencia-e-fortalecimento-de-vinculos\/","title":{"rendered":"Prefeitura Municipal de Monteiro emite comunicado referente ao Servi\u00e7o de Conviv\u00eancia e Fortalecimento de V\u00ednculos"},"content":{"rendered":"\n<p>\n\nA Prefeitura Municipal de Monteiro, atrav\u00e9s da Secretaria de Desenvolvimento Social, vem de p\u00fablico comunicar, que em virtude do Governo Federal ter suspendido os repasses do programa do Servi\u00e7o de Conviv\u00eancia e Fortalecimento de V\u00ednculos, e, considerando que o munic\u00edpio n\u00e3o tem como legalmente arcar com estas despesas, decidiu, em comum acordo com a coordena\u00e7\u00e3o do referido programa, em conceder f\u00e9rias coletivas por 30 dias aos integrantes da equipe a partir desta segunda-feira, dia 21.<br>\u00c9 oportuno frisar que a Prefeitura de Monteiro vem buscando provid\u00eancias junto aos \u00f3rg\u00e3os federais respons\u00e1veis pelo programa do Servi\u00e7o de Conviv\u00eancia e Fortalecimento de V\u00ednculo, sem, no entanto obter uma resposta convincente.<br>Ressaltamos ainda que as atividades realizadas em parceria com o Instituto Federal da Para\u00edba \u2013 IFPB ser\u00e3o mantidas normalmente.<br>Informamos que a prefeita Anna Lorena est\u00e1 oficializando a todos os deputados federais a suspens\u00e3o do programa, pedindo o apoio de toda a bancada, principalmente daqueles que integram a base aliada do presidente Jair Bolsonaro, independente de cor partid\u00e1ria, uma vez que a causa maior \u00e9 em defesa dos menos favorecidos.<br>Finalizando, informamos que a regulariza\u00e7\u00e3o dos repasses sejam regularizados, as atividades do programa voltar\u00e3o \u00e0 normalidade.<br>Monteiro, 21 de outubro de 2019.<br>ANNA LORENA DE FARIAS LEITE N\u00d3BREGAPrefeita<br><\/p>\n\n\n\n<figure class=\"wp-block-image\"><img decoding=\"async\" src=\"https:\/\/blogdofabiobrito5.blogspot.com\/2019\/10\/prefeitura-municipal-de-monteiro-emite.html\" alt=\"\"\/><\/figure>\n","protected":false},"excerpt":{"rendered":"<p>A Prefeitura Municipal de Monteiro, atrav\u00e9s da Secretaria de Desenvolvimento Social, vem de p\u00fablico comunicar, que em virtude do Governo Federal ter suspendido os repasses&hellip; <\/p>\n","protected":false},"author":1,"featured_media":128680,"comment_status":"closed","ping_status":"closed","sticky":false,"template":"","format":"standard","meta":{"sfsi_plus_gutenberg_text_before_share":"","sfsi_plus_gutenberg_show_text_before_share":"","sfsi_plus_gutenberg_icon_type":"","sfsi_plus_gutenberg_icon_alignemt":"","sfsi_plus_gutenburg_max_per_row":"","footnotes":""},"categories":[2],"tags":[],"class_list":["post-128679","post","type-post","status-publish","format-standard","has-post-thumbnail","hentry","category-geral"],"_links":{"self":[{"href":"https:\/\/www.caririemacao.com\/1\/wp-json\/wp\/v2\/posts\/128679","targetHints":{"allow":["GET"]}}],"collection":[{"href":"https:\/\/www.caririemacao.com\/1\/wp-json\/wp\/v2\/posts"}],"about":[{"href":"https:\/\/www.caririemacao.com\/1\/wp-json\/wp\/v2\/types\/post"}],"author":[{"embeddable":true,"href":"https:\/\/www.caririemacao.com\/1\/wp-json\/wp\/v2\/users\/1"}],"replies":[{"embeddable":true,"href":"https:\/\/www.caririemacao.com\/1\/wp-json\/wp\/v2\/comments?post=128679"}],"version-history":[{"count":1,"href":"https:\/\/www.caririemacao.com\/1\/wp-json\/wp\/v2\/posts\/128679\/revisions"}],"predecessor-version":[{"id":128681,"href":"https:\/\/www.caririemacao.com\/1\/wp-json\/wp\/v2\/posts\/128679\/revisions\/128681"}],"wp:featuredmedia":[{"embeddable":true,"href":"https:\/\/www.caririemacao.com\/1\/wp-json\/wp\/v2\/media\/128680"}],"wp:attachment":[{"href":"https:\/\/www.caririemacao.com\/1\/wp-json\/wp\/v2\/media?parent=128679"}],"wp:term":[{"taxonomy":"category","embeddable":true,"href":"https:\/\/www.caririemacao.com\/1\/wp-json\/wp\/v2\/categories?post=128679"},{"taxonomy":"post_tag","embeddable":true,"href":"https:\/\/www.caririemacao.com\/1\/wp-json\/wp\/v2\/tags?post=128679"}],"curies":[{"name":"wp","href":"https:\/\/api.w.org\/{rel}","templated":true}]}}