{"id":128685,"date":"2019-10-21T14:08:15","date_gmt":"2019-10-21T17:08:15","guid":{"rendered":"http:\/\/www.caririemacao.com\/1\/?p=128685"},"modified":"2019-10-21T14:08:15","modified_gmt":"2019-10-21T17:08:15","slug":"prefeita-anna-lorena-lanca-programa-olhar-monteiro-que-beneficiara-alunos-da-rede-municipal-de-monteiro","status":"publish","type":"post","link":"https:\/\/www.caririemacao.com\/1\/2019\/10\/21\/prefeita-anna-lorena-lanca-programa-olhar-monteiro-que-beneficiara-alunos-da-rede-municipal-de-monteiro\/","title":{"rendered":"Prefeita Anna Lorena lan\u00e7a programa \u2018Olhar Monteiro\u2019 que beneficiar\u00e1 alunos da Rede Municipal de Monteiro"},"content":{"rendered":"\n<p>\n\nOs pais dos alunos da Rede Municipal de Ensino estiveram ao lado de seus filhos para prestigiar o lan\u00e7amento do Programa Olhar Monteiro, que beneficiar\u00e1 as crian\u00e7as que apresentam alguma dificuldade visual em sala de aula.<br>Com a presen\u00e7a de autoridades como secret\u00e1rios municipais e vereadores, a Prefeita Anna Lorena realizou a explana\u00e7\u00e3o sobre como se d\u00e1 o \u201cOlhar Monteiro\u201d que tem o foco de atendimento para Crian\u00e7as a partir de 04 anos de idade, adolescentes, jovens e adultos da Rede Municipal de Ensino.<br>As avalia\u00e7\u00f5es come\u00e7aram no \u00faltimo m\u00eas e est\u00e3o sendo feitas no Centro de Especialidades M\u00e9dicas que foram agendadas de acordo com cada escola com a triagem, acompanhamento e tratamento dos problemas visuais.<br>\u201cUm dado muito importante \u00e9 que cerca de 30% das crian\u00e7as em idade escolar e 100% dos adultos acima de 40 anos de idade, apresentam algum problema de vis\u00e3o. Problemas de vis\u00e3o podem ser evitados ou amenizados com atendimento preventivo ou curativo, e este \u00e9 nosso objetivo\u201d, mencionou a gestora.<br>O Olhar Monteiro se d\u00e1 atrav\u00e9s do PSE \u2013 Programa Sa\u00fade na Escola e seguem os seguintes passos: Reuni\u00e3o com os pais dos alunos e alunos do EJA, Triagem oftalmol\u00f3gica pelos profissionais da Aten\u00e7\u00e3o B\u00e1sica e NASF, Atendimento com oftalmologista e Fornecimento de \u00f3culos com lentes corretivas (gratuito) pela Prefeitura de Monteiro.<br>\u201cEu achei um projeto excelente, porque meu filho precisava de \u00f3culos e eu n\u00e3o podia pagar e tenho certeza que as notas dele v\u00e3o melhorar\u201d, conta a senhora Francisca Bezerra, m\u00e3e de aluno da Rede Municipal de Ensino.<br>\u201cMeu menino h\u00e1 mais de 05 anos usa \u00f3culos por um problema grave de vista e esta j\u00e1 \u00e9 uma grande ajuda, achei uma maravilha e meu filho tamb\u00e9m\u201d, conta a mam\u00e3e Ver\u00f4nica.<br>Participaram do lan\u00e7amento cerca de mil pessoas. Logo ap\u00f3s o evento a prefeita Anna Lorena e sua equipe atenderam a popula\u00e7\u00e3o ouvindo demandas e recebendo o carinho dos presentes.<br><\/p>\n","protected":false},"excerpt":{"rendered":"<p>Os pais dos alunos da Rede Municipal de Ensino estiveram ao lado de seus filhos para prestigiar o lan\u00e7amento do Programa Olhar Monteiro, que beneficiar\u00e1&hellip; <\/p>\n","protected":false},"author":1,"featured_media":128687,"comment_status":"closed","ping_status":"closed","sticky":false,"template":"","format":"standard","meta":{"sfsi_plus_gutenberg_text_before_share":"","sfsi_plus_gutenberg_show_text_before_share":"","sfsi_plus_gutenberg_icon_type":"","sfsi_plus_gutenberg_icon_alignemt":"","sfsi_plus_gutenburg_max_per_row":"","footnotes":""},"categories":[11],"tags":[],"class_list":["post-128685","post","type-post","status-publish","format-standard","has-post-thumbnail","hentry","category-politica"],"_links":{"self":[{"href":"https:\/\/www.caririemacao.com\/1\/wp-json\/wp\/v2\/posts\/128685","targetHints":{"allow":["GET"]}}],"collection":[{"href":"https:\/\/www.caririemacao.com\/1\/wp-json\/wp\/v2\/posts"}],"about":[{"href":"https:\/\/www.caririemacao.com\/1\/wp-json\/wp\/v2\/types\/post"}],"author":[{"embeddable":true,"href":"https:\/\/www.caririemacao.com\/1\/wp-json\/wp\/v2\/users\/1"}],"replies":[{"embeddable":true,"href":"https:\/\/www.caririemacao.com\/1\/wp-json\/wp\/v2\/comments?post=128685"}],"version-history":[{"count":1,"href":"https:\/\/www.caririemacao.com\/1\/wp-json\/wp\/v2\/posts\/128685\/revisions"}],"predecessor-version":[{"id":128688,"href":"https:\/\/www.caririemacao.com\/1\/wp-json\/wp\/v2\/posts\/128685\/revisions\/128688"}],"wp:featuredmedia":[{"embeddable":true,"href":"https:\/\/www.caririemacao.com\/1\/wp-json\/wp\/v2\/media\/128687"}],"wp:attachment":[{"href":"https:\/\/www.caririemacao.com\/1\/wp-json\/wp\/v2\/media?parent=128685"}],"wp:term":[{"taxonomy":"category","embeddable":true,"href":"https:\/\/www.caririemacao.com\/1\/wp-json\/wp\/v2\/categories?post=128685"},{"taxonomy":"post_tag","embeddable":true,"href":"https:\/\/www.caririemacao.com\/1\/wp-json\/wp\/v2\/tags?post=128685"}],"curies":[{"name":"wp","href":"https:\/\/api.w.org\/{rel}","templated":true}]}}