{"id":128690,"date":"2019-10-21T14:10:05","date_gmt":"2019-10-21T17:10:05","guid":{"rendered":"http:\/\/www.caririemacao.com\/1\/?p=128690"},"modified":"2019-10-21T14:10:05","modified_gmt":"2019-10-21T17:10:05","slug":"prefeito-de-prata-foi-a-brasilia-agilizar-recursos-e-andamento-de-diversas-obras","status":"publish","type":"post","link":"https:\/\/www.caririemacao.com\/1\/2019\/10\/21\/prefeito-de-prata-foi-a-brasilia-agilizar-recursos-e-andamento-de-diversas-obras\/","title":{"rendered":"Prefeito de Prata foi \u00e0 Bras\u00edlia agilizar recursos e andamento de diversas obras"},"content":{"rendered":"\n<p>O prefeito Junior N\u00f3brega esteve em Bras\u00edlia nos \u00faltimos dias, buscando o destravamento de recursos para a realiza\u00e7\u00e3o de obras no munic\u00edpio da Prata.<br>O gestor esteve no Minist\u00e9rio da Integra\u00e7\u00e3o cuidando da organiza\u00e7\u00e3o e presta\u00e7\u00e3o de contas da primeira parcela que foi liberada do cal\u00e7amento do Conjunto Habitacional Maria Quit\u00e9ria e tamb\u00e9m o trecho que integra a estrada da Matarina que esta sendo feita, para que seja liberada a segunda parcela.<br>Junior ainda esteve na FUNASA em busca da libera\u00e7\u00e3o de recursos para a substitui\u00e7\u00e3o de 16 casas de taipa no S\u00edtio S\u00e3o Francisco, Pereiros, Gabriel, Balan\u00e7o, S\u00edtio do Melo e adjac\u00eancias da rua.<br>Tamb\u00e9m na ocasi\u00e3o o prefeito esteve em audi\u00eancia com o Deputado Federal Wellington Roberto onde foi discutida a constru\u00e7\u00e3o da barragem que ser\u00e1 feito no Serrote Agudo.<br>Ainda com o Deputado Wellington foi discutida a quest\u00e3o das estradas vicinais e constru\u00e7\u00e3o do mercado para a agricultura familiar e de produtos org\u00e2nicos, al\u00e9m da pavimenta\u00e7\u00e3o de diversas ruas em paralelep\u00edpedos.<br><\/p>\n","protected":false},"excerpt":{"rendered":"<p>O prefeito Junior N\u00f3brega esteve em Bras\u00edlia nos \u00faltimos dias, buscando o destravamento de recursos para a realiza\u00e7\u00e3o de obras no munic\u00edpio da Prata.O gestor&hellip; <\/p>\n","protected":false},"author":1,"featured_media":128691,"comment_status":"closed","ping_status":"closed","sticky":false,"template":"","format":"standard","meta":{"sfsi_plus_gutenberg_text_before_share":"","sfsi_plus_gutenberg_show_text_before_share":"","sfsi_plus_gutenberg_icon_type":"","sfsi_plus_gutenberg_icon_alignemt":"","sfsi_plus_gutenburg_max_per_row":"","footnotes":""},"categories":[11],"tags":[],"class_list":["post-128690","post","type-post","status-publish","format-standard","has-post-thumbnail","hentry","category-politica"],"_links":{"self":[{"href":"https:\/\/www.caririemacao.com\/1\/wp-json\/wp\/v2\/posts\/128690","targetHints":{"allow":["GET"]}}],"collection":[{"href":"https:\/\/www.caririemacao.com\/1\/wp-json\/wp\/v2\/posts"}],"about":[{"href":"https:\/\/www.caririemacao.com\/1\/wp-json\/wp\/v2\/types\/post"}],"author":[{"embeddable":true,"href":"https:\/\/www.caririemacao.com\/1\/wp-json\/wp\/v2\/users\/1"}],"replies":[{"embeddable":true,"href":"https:\/\/www.caririemacao.com\/1\/wp-json\/wp\/v2\/comments?post=128690"}],"version-history":[{"count":1,"href":"https:\/\/www.caririemacao.com\/1\/wp-json\/wp\/v2\/posts\/128690\/revisions"}],"predecessor-version":[{"id":128692,"href":"https:\/\/www.caririemacao.com\/1\/wp-json\/wp\/v2\/posts\/128690\/revisions\/128692"}],"wp:featuredmedia":[{"embeddable":true,"href":"https:\/\/www.caririemacao.com\/1\/wp-json\/wp\/v2\/media\/128691"}],"wp:attachment":[{"href":"https:\/\/www.caririemacao.com\/1\/wp-json\/wp\/v2\/media?parent=128690"}],"wp:term":[{"taxonomy":"category","embeddable":true,"href":"https:\/\/www.caririemacao.com\/1\/wp-json\/wp\/v2\/categories?post=128690"},{"taxonomy":"post_tag","embeddable":true,"href":"https:\/\/www.caririemacao.com\/1\/wp-json\/wp\/v2\/tags?post=128690"}],"curies":[{"name":"wp","href":"https:\/\/api.w.org\/{rel}","templated":true}]}}