{"id":128695,"date":"2019-10-21T14:45:53","date_gmt":"2019-10-21T17:45:53","guid":{"rendered":"http:\/\/www.caririemacao.com\/1\/?p=128695"},"modified":"2019-10-21T14:45:53","modified_gmt":"2019-10-21T17:45:53","slug":"publicada-padronizacao-de-carteira-estudantil","status":"publish","type":"post","link":"https:\/\/www.caririemacao.com\/1\/2019\/10\/21\/publicada-padronizacao-de-carteira-estudantil\/","title":{"rendered":"Publicada padroniza\u00e7\u00e3o de carteira estudantil"},"content":{"rendered":"\n<p>O Minist\u00e9rio da Educa\u00e7\u00e3o (MEC), publicou, nesta segunda-feira (21),&nbsp;<a href=\"http:\/\/www.in.gov.br\/en\/web\/dou\/-\/portaria-n-1.773-de-18-de-outubro-de-2019-222817496\">no Di\u00e1rio Oficial da Uni\u00e3o (DOE)<\/a>, portaria que padroniza as Carteiras de identidade Estudantil em todo o pa\u00eds.<\/p>\n\n\n\n<p>A padroniza\u00e7\u00e3o da CIE visa facilitar o reconhecimento o reconhecimento do documento e do direito do estudante ao benef\u00edcio da meia-entrada em todo territ\u00f3rio nacional, bem como propiciar maior seguran\u00e7a e evitar fraudes na sua emiss\u00e3o e utiliza\u00e7\u00e3o.<\/p>\n\n\n\n<p>A portaria estabelece um prazo de vinte dias para que os \u00f3rg\u00e3os e entidades p\u00fablicas e privadas adaptem seus procedimentos para a alimenta\u00e7\u00e3o do cadastro no Sistema Educacional Brasileiro (SEB).<\/p>\n\n\n\n<p><strong>MaisPB<\/strong><\/p>\n","protected":false},"excerpt":{"rendered":"<p>O Minist\u00e9rio da Educa\u00e7\u00e3o (MEC), publicou, nesta segunda-feira (21),&nbsp;no Di\u00e1rio Oficial da Uni\u00e3o (DOE), portaria que padroniza as Carteiras de identidade Estudantil em todo o&hellip; <\/p>\n","protected":false},"author":1,"featured_media":116995,"comment_status":"closed","ping_status":"closed","sticky":false,"template":"","format":"standard","meta":{"sfsi_plus_gutenberg_text_before_share":"","sfsi_plus_gutenberg_show_text_before_share":"","sfsi_plus_gutenberg_icon_type":"","sfsi_plus_gutenberg_icon_alignemt":"","sfsi_plus_gutenburg_max_per_row":"","footnotes":""},"categories":[50,14],"tags":[],"class_list":["post-128695","post","type-post","status-publish","format-standard","has-post-thumbnail","hentry","category-destaque","category-educacao"],"_links":{"self":[{"href":"https:\/\/www.caririemacao.com\/1\/wp-json\/wp\/v2\/posts\/128695","targetHints":{"allow":["GET"]}}],"collection":[{"href":"https:\/\/www.caririemacao.com\/1\/wp-json\/wp\/v2\/posts"}],"about":[{"href":"https:\/\/www.caririemacao.com\/1\/wp-json\/wp\/v2\/types\/post"}],"author":[{"embeddable":true,"href":"https:\/\/www.caririemacao.com\/1\/wp-json\/wp\/v2\/users\/1"}],"replies":[{"embeddable":true,"href":"https:\/\/www.caririemacao.com\/1\/wp-json\/wp\/v2\/comments?post=128695"}],"version-history":[{"count":1,"href":"https:\/\/www.caririemacao.com\/1\/wp-json\/wp\/v2\/posts\/128695\/revisions"}],"predecessor-version":[{"id":128696,"href":"https:\/\/www.caririemacao.com\/1\/wp-json\/wp\/v2\/posts\/128695\/revisions\/128696"}],"wp:featuredmedia":[{"embeddable":true,"href":"https:\/\/www.caririemacao.com\/1\/wp-json\/wp\/v2\/media\/116995"}],"wp:attachment":[{"href":"https:\/\/www.caririemacao.com\/1\/wp-json\/wp\/v2\/media?parent=128695"}],"wp:term":[{"taxonomy":"category","embeddable":true,"href":"https:\/\/www.caririemacao.com\/1\/wp-json\/wp\/v2\/categories?post=128695"},{"taxonomy":"post_tag","embeddable":true,"href":"https:\/\/www.caririemacao.com\/1\/wp-json\/wp\/v2\/tags?post=128695"}],"curies":[{"name":"wp","href":"https:\/\/api.w.org\/{rel}","templated":true}]}}