{"id":128697,"date":"2019-10-21T14:47:21","date_gmt":"2019-10-21T17:47:21","guid":{"rendered":"http:\/\/www.caririemacao.com\/1\/?p=128697"},"modified":"2019-10-21T14:47:21","modified_gmt":"2019-10-21T17:47:21","slug":"grupo-de-bivar-acusa-planalto-de-traicao-e-prepara-nova-lista-para-lideranca-do-psl","status":"publish","type":"post","link":"https:\/\/www.caririemacao.com\/1\/2019\/10\/21\/grupo-de-bivar-acusa-planalto-de-traicao-e-prepara-nova-lista-para-lideranca-do-psl\/","title":{"rendered":"Grupo de Bivar acusa Planalto de trai\u00e7\u00e3o e prepara nova lista para lideran\u00e7a do PSL"},"content":{"rendered":"\n<p>(FOLHAPRESS) &#8211; A ala ligada ao presidente do PSL, deputado Luciano Bivar (PE), acusa o Pal\u00e1cio do Planalto de trai\u00e7\u00e3o e prepara nova lista para retomar a lideran\u00e7a do partido na C\u00e2mara, com o deputado Delegado Waldir (GO).<br><\/p>\n\n\n\n<p>&#8220;O governo traiu o acordo. Agora, segue o jogo&#8221;, disse \u00e0 reportagem o deputado Junior Bozzella, ligado a Bivar. O grupo deve, agora, trabalhar pela suspei\u00e7\u00e3o do deputado Eduardo Bolsonaro (SP) do partido.&nbsp;<\/p>\n\n\n\n<p>De acordo com Bozzella, o ministro da Secretaria de Governo, general Luiz Eduardo Ramos, ligou para Bivar na manh\u00e3 desta segunda-feira (21) pregando a pacifica\u00e7\u00e3o.&nbsp;<\/p>\n\n\n\n<p>Em seguida, no entanto, &#8220;descumprindo o acordo&#8221;, segundo Bozzella, Eduardo apresentou uma lista \u00e0 Secretaria-Geral da Mesa Diretora da C\u00e2mara para assumir a lideran\u00e7a do PSL na Casa.&nbsp;<\/p>\n\n\n\n<p>Em nome desse acordo, Waldir chegou a entregar o cargo de l\u00edder do partido na C\u00e2mara.<\/p>\n\n\n\n<p>O an\u00fancio da desist\u00eancia das suspens\u00f5es e do cargo de l\u00edder foi feito por meio de um v\u00eddeo caseiro gravado pelo pr\u00f3prio Waldir na manh\u00e3 desta segunda-feira, no qual se pode notar que ele l\u00ea uma mensagem pronta. O material foi divulgado por sua assessoria de imprensa.<\/p>\n\n\n\n<p>&#8220;Venho a p\u00fablico fazer um esclarecimento, o meu partido, o PSL, decidiu retirar a a\u00e7\u00e3o de suspens\u00e3o de cinco parlamentares. E aceitamos democraticamente uma nova lista que foi feita por parlamentares. J\u00e1 estarei \u00e0 disposi\u00e7\u00e3o do novo l\u00edder para de forma transparente passar para ele toda a lideran\u00e7a do PSL&#8221;, disse o deputado.<\/p>\n\n\n\n<figure><iframe data-src=\"https:\/\/www.youtube.com\/embed\/2Z1pf6NrAqs\" allowfullscreen=\"\" width=\"723\" height=\"409\" src=\"data:image\/svg+xml;base64,PHN2ZyB3aWR0aD0iMSIgaGVpZ2h0PSIxIiB4bWxucz0iaHR0cDovL3d3dy53My5vcmcvMjAwMC9zdmciPjwvc3ZnPg==\" class=\"lazyload\" data-load-mode=\"1\"><\/iframe><\/figure>\n\n\n\n<p>Ao falar que as suspens\u00f5es foram desfeitas, Waldir se refere \u00e0 decis\u00e3o tomada na semana passada pelo comando do partido.<\/p>\n\n\n\n<p>Bivar anunciou a suspens\u00e3o de cinco deputados ligados ao presidente -Carlos Jordy, Al\u00ea Silva, Bibo Nunes, Carla Zambelli e Filipe Barros. O objetivo da manobra era impedir que eles representassem a legenda em qualquer atividade na C\u00e2mara, incluindo a vota\u00e7\u00e3o para l\u00edder da bancada.<\/p>\n\n\n\n<p>O deputado, que na semana passada foi gravado dizendo que poderia implodir o presidente Jair Bolsonaro (PSL), n\u00e3o faz nenhuma men\u00e7\u00e3o direta ao seu nome, mas manda um recado para o Pal\u00e1cio do Planalto ao dizer que o Poder Executivo n\u00e3o pode interferir no Legislativo.<\/p>\n","protected":false},"excerpt":{"rendered":"<p>(FOLHAPRESS) &#8211; A ala ligada ao presidente do PSL, deputado Luciano Bivar (PE), acusa o Pal\u00e1cio do Planalto de trai\u00e7\u00e3o e prepara nova lista para&hellip; <\/p>\n","protected":false},"author":1,"featured_media":128698,"comment_status":"closed","ping_status":"closed","sticky":false,"template":"","format":"standard","meta":{"sfsi_plus_gutenberg_text_before_share":"","sfsi_plus_gutenberg_show_text_before_share":"","sfsi_plus_gutenberg_icon_type":"","sfsi_plus_gutenberg_icon_alignemt":"","sfsi_plus_gutenburg_max_per_row":"","footnotes":""},"categories":[11],"tags":[],"class_list":["post-128697","post","type-post","status-publish","format-standard","has-post-thumbnail","hentry","category-politica"],"_links":{"self":[{"href":"https:\/\/www.caririemacao.com\/1\/wp-json\/wp\/v2\/posts\/128697","targetHints":{"allow":["GET"]}}],"collection":[{"href":"https:\/\/www.caririemacao.com\/1\/wp-json\/wp\/v2\/posts"}],"about":[{"href":"https:\/\/www.caririemacao.com\/1\/wp-json\/wp\/v2\/types\/post"}],"author":[{"embeddable":true,"href":"https:\/\/www.caririemacao.com\/1\/wp-json\/wp\/v2\/users\/1"}],"replies":[{"embeddable":true,"href":"https:\/\/www.caririemacao.com\/1\/wp-json\/wp\/v2\/comments?post=128697"}],"version-history":[{"count":1,"href":"https:\/\/www.caririemacao.com\/1\/wp-json\/wp\/v2\/posts\/128697\/revisions"}],"predecessor-version":[{"id":128699,"href":"https:\/\/www.caririemacao.com\/1\/wp-json\/wp\/v2\/posts\/128697\/revisions\/128699"}],"wp:featuredmedia":[{"embeddable":true,"href":"https:\/\/www.caririemacao.com\/1\/wp-json\/wp\/v2\/media\/128698"}],"wp:attachment":[{"href":"https:\/\/www.caririemacao.com\/1\/wp-json\/wp\/v2\/media?parent=128697"}],"wp:term":[{"taxonomy":"category","embeddable":true,"href":"https:\/\/www.caririemacao.com\/1\/wp-json\/wp\/v2\/categories?post=128697"},{"taxonomy":"post_tag","embeddable":true,"href":"https:\/\/www.caririemacao.com\/1\/wp-json\/wp\/v2\/tags?post=128697"}],"curies":[{"name":"wp","href":"https:\/\/api.w.org\/{rel}","templated":true}]}}