{"id":128701,"date":"2019-10-21T14:48:05","date_gmt":"2019-10-21T17:48:05","guid":{"rendered":"http:\/\/www.caririemacao.com\/1\/?p=128701"},"modified":"2019-10-21T14:48:05","modified_gmt":"2019-10-21T17:48:05","slug":"governo-do-estado-inscreve-a-partir-desta-segunda-para-selecao-de-189-servidores-temporarios","status":"publish","type":"post","link":"https:\/\/www.caririemacao.com\/1\/2019\/10\/21\/governo-do-estado-inscreve-a-partir-desta-segunda-para-selecao-de-189-servidores-temporarios\/","title":{"rendered":"Governo do Estado inscreve a partir desta segunda para sele\u00e7\u00e3o de 189 servidores tempor\u00e1rios"},"content":{"rendered":"\n<p>O Governo do Estado inscreve a partir desta segunda-feira (21), para processo seletivo de 189 servidores tempor\u00e1rios para atua\u00e7\u00e3o nos Centros de Refer\u00eancia Especializado da Assist\u00eancia Social (CREAS) em v\u00e1rias regi\u00f5es da Para\u00edba. O edital foi publicado no Di\u00e1rio Oficial deste s\u00e1bado (19).<\/p>\n\n\n\n<p><a href=\"https:\/\/www.clickpb.com.br\/media\/filer_public\/7e\/eb\/7eeba64b-58a1-403b-89fc-a48bbd9d5f2d\/diario_oficial_19-10-2019_total.pdf\">Confira o edital a partir da p\u00e1gina 12<br><\/a><\/p>\n\n\n\n<p>As inscri\u00e7\u00f5es s\u00e3o gratuitas e poder\u00e3o ser realizadas exclusivamente atrav\u00e9s&nbsp;<a href=\"https:\/\/portaldacidadania.pb.gov.br\/ConcursoSelecao\/Governo\/Concurso\/ListaConcurso\">do site do Portal da Cidadania<\/a>&nbsp;at\u00e9 o dia 30 de outubro.&nbsp;<\/p>\n\n\n\n<p>Est\u00e3o sendo oferecidas vagas para coordenador (a), advogada(o), assistente social, educador social(a), psic\u00f3loga(o), auxiliar administrativo e motorista. Os contratados ir\u00e3o trabalhar na Secretaria de Desenvolvimento Humano do Governo Estadual.<\/p>\n\n\n\n<p>O processo seletivo simplificado ter\u00e1 validade de&nbsp;12 meses, a contar de janeiro de 2020 podendo ser prorrogado por igual. A escolha dos profissionais ser\u00e1 realizada por meio de curr\u00edculo, prova de t\u00edtulos, carta de inten\u00e7\u00f5es e entrevista oral.<\/p>\n\n\n\n<p>O candidato precisa comprovar grau de escolaridade ligada a fun\u00e7\u00e3o que&nbsp;deseja concorrer, n\u00e3o ter praticado crimes contra mulheres, crian\u00e7as e adolescente, idosos e pessoas com defici\u00eancia, p\u00fablico LGBTQI+ e homem.<\/p>\n","protected":false},"excerpt":{"rendered":"<p>O Governo do Estado inscreve a partir desta segunda-feira (21), para processo seletivo de 189 servidores tempor\u00e1rios para atua\u00e7\u00e3o nos Centros de Refer\u00eancia Especializado da&hellip; <\/p>\n","protected":false},"author":1,"featured_media":128702,"comment_status":"closed","ping_status":"closed","sticky":false,"template":"","format":"standard","meta":{"sfsi_plus_gutenberg_text_before_share":"","sfsi_plus_gutenberg_show_text_before_share":"","sfsi_plus_gutenberg_icon_type":"","sfsi_plus_gutenberg_icon_alignemt":"","sfsi_plus_gutenburg_max_per_row":"","footnotes":""},"categories":[11],"tags":[],"class_list":["post-128701","post","type-post","status-publish","format-standard","has-post-thumbnail","hentry","category-politica"],"_links":{"self":[{"href":"https:\/\/www.caririemacao.com\/1\/wp-json\/wp\/v2\/posts\/128701","targetHints":{"allow":["GET"]}}],"collection":[{"href":"https:\/\/www.caririemacao.com\/1\/wp-json\/wp\/v2\/posts"}],"about":[{"href":"https:\/\/www.caririemacao.com\/1\/wp-json\/wp\/v2\/types\/post"}],"author":[{"embeddable":true,"href":"https:\/\/www.caririemacao.com\/1\/wp-json\/wp\/v2\/users\/1"}],"replies":[{"embeddable":true,"href":"https:\/\/www.caririemacao.com\/1\/wp-json\/wp\/v2\/comments?post=128701"}],"version-history":[{"count":1,"href":"https:\/\/www.caririemacao.com\/1\/wp-json\/wp\/v2\/posts\/128701\/revisions"}],"predecessor-version":[{"id":128703,"href":"https:\/\/www.caririemacao.com\/1\/wp-json\/wp\/v2\/posts\/128701\/revisions\/128703"}],"wp:featuredmedia":[{"embeddable":true,"href":"https:\/\/www.caririemacao.com\/1\/wp-json\/wp\/v2\/media\/128702"}],"wp:attachment":[{"href":"https:\/\/www.caririemacao.com\/1\/wp-json\/wp\/v2\/media?parent=128701"}],"wp:term":[{"taxonomy":"category","embeddable":true,"href":"https:\/\/www.caririemacao.com\/1\/wp-json\/wp\/v2\/categories?post=128701"},{"taxonomy":"post_tag","embeddable":true,"href":"https:\/\/www.caririemacao.com\/1\/wp-json\/wp\/v2\/tags?post=128701"}],"curies":[{"name":"wp","href":"https:\/\/api.w.org\/{rel}","templated":true}]}}