{"id":128705,"date":"2019-10-21T14:49:28","date_gmt":"2019-10-21T17:49:28","guid":{"rendered":"http:\/\/www.caririemacao.com\/1\/?p=128705"},"modified":"2019-10-21T14:49:28","modified_gmt":"2019-10-21T17:49:28","slug":"jovem-e-preso-acusado-de-sequestrar-e-estuprar-crianca","status":"publish","type":"post","link":"https:\/\/www.caririemacao.com\/1\/2019\/10\/21\/jovem-e-preso-acusado-de-sequestrar-e-estuprar-crianca\/","title":{"rendered":"Jovem \u00e9 preso acusado de sequestrar e estuprar crian\u00e7a"},"content":{"rendered":"\n<p>Um jovem de 19 anos foi preso acusado de sequestrar e estuprar uma crian\u00e7a de 11 anos, neste domingo (20), em S\u00e3o Bento, na Para\u00edba. A m\u00e3e da menina procurou a Delegacia da cidade de S\u00e3o Bento, informando que sua filha havia sa\u00eddo de casa, escondida, em companhia de Maur\u00edcio Matias Souza dos Santos.&nbsp;<\/p>\n\n\n\n<p>A Pol\u00edcia conseguiu uma foto do jovem atrav\u00e9s da sua rede social, Facebook, onde mostra o rapaz beijando a menina em cima de uma cama.<\/p>\n\n\n\n<p>A Pol\u00edcia Civil de S\u00e3o Bento localizou o acusado e a menina, horas depois da den\u00fancia.<\/p>\n\n\n\n<p>O delegado Anderson Fontes informou que Maur\u00edcio confessou ter mantido rela\u00e7\u00f5es sexuais com a crian\u00e7a.<\/p>\n\n\n\n<p>O acusado foi autuado em flagrante pelo crime de estupro de vulner\u00e1vel e foi conduzido para o Pres\u00eddio de Catol\u00e9 do Rocha.&nbsp;<\/p>\n\n\n\n<p>A v\u00edtima ser\u00e1 submetida a exame sexol\u00f3gico no IML de Patos.<\/p>\n","protected":false},"excerpt":{"rendered":"<p>Um jovem de 19 anos foi preso acusado de sequestrar e estuprar uma crian\u00e7a de 11 anos, neste domingo (20), em S\u00e3o Bento, na Para\u00edba.&hellip; <\/p>\n","protected":false},"author":1,"featured_media":4555,"comment_status":"closed","ping_status":"closed","sticky":false,"template":"","format":"standard","meta":{"sfsi_plus_gutenberg_text_before_share":"","sfsi_plus_gutenberg_show_text_before_share":"","sfsi_plus_gutenberg_icon_type":"","sfsi_plus_gutenberg_icon_alignemt":"","sfsi_plus_gutenburg_max_per_row":"","footnotes":""},"categories":[50,12],"tags":[],"class_list":["post-128705","post","type-post","status-publish","format-standard","has-post-thumbnail","hentry","category-destaque","category-policia"],"_links":{"self":[{"href":"https:\/\/www.caririemacao.com\/1\/wp-json\/wp\/v2\/posts\/128705","targetHints":{"allow":["GET"]}}],"collection":[{"href":"https:\/\/www.caririemacao.com\/1\/wp-json\/wp\/v2\/posts"}],"about":[{"href":"https:\/\/www.caririemacao.com\/1\/wp-json\/wp\/v2\/types\/post"}],"author":[{"embeddable":true,"href":"https:\/\/www.caririemacao.com\/1\/wp-json\/wp\/v2\/users\/1"}],"replies":[{"embeddable":true,"href":"https:\/\/www.caririemacao.com\/1\/wp-json\/wp\/v2\/comments?post=128705"}],"version-history":[{"count":1,"href":"https:\/\/www.caririemacao.com\/1\/wp-json\/wp\/v2\/posts\/128705\/revisions"}],"predecessor-version":[{"id":128706,"href":"https:\/\/www.caririemacao.com\/1\/wp-json\/wp\/v2\/posts\/128705\/revisions\/128706"}],"wp:featuredmedia":[{"embeddable":true,"href":"https:\/\/www.caririemacao.com\/1\/wp-json\/wp\/v2\/media\/4555"}],"wp:attachment":[{"href":"https:\/\/www.caririemacao.com\/1\/wp-json\/wp\/v2\/media?parent=128705"}],"wp:term":[{"taxonomy":"category","embeddable":true,"href":"https:\/\/www.caririemacao.com\/1\/wp-json\/wp\/v2\/categories?post=128705"},{"taxonomy":"post_tag","embeddable":true,"href":"https:\/\/www.caririemacao.com\/1\/wp-json\/wp\/v2\/tags?post=128705"}],"curies":[{"name":"wp","href":"https:\/\/api.w.org\/{rel}","templated":true}]}}